{"id":5583,"date":"2022-11-28T08:30:32","date_gmt":"2022-11-28T07:30:32","guid":{"rendered":"https:\/\/www.quesosdelcasar.es\/?p=5583"},"modified":"2022-11-28T19:20:07","modified_gmt":"2022-11-28T18:20:07","slug":"quesos-del-casar-premio-a-cuerpo-de-rey-de-cope","status":"publish","type":"post","link":"https:\/\/www.quesosdelcasar.es\/en\/quesos-del-casar-premio-a-cuerpo-de-rey-de-cope\/","title":{"rendered":"Quesos del Casar premio &#8216;A cuerpo de Rey&#8217; de COPE"},"content":{"rendered":"<div class=\"wpb-content-wrapper\"><p>[vc_row css_animation=&#8221;&#8221; row_type=&#8221;row&#8221; use_row_as_full_screen_section=&#8221;no&#8221; type=&#8221;full_width&#8221; angled_section=&#8221;no&#8221; text_align=&#8221;left&#8221; background_image_as_pattern=&#8221;without_pattern&#8221;][vc_column][vc_column_text]<\/p>\n\n\t\t<style type=\"text\/css\">\n\t\t\t#gallery-1 {\n\t\t\t\tmargin: auto;\n\t\t\t}\n\t\t\t#gallery-1 .gallery-item {\n\t\t\t\tfloat: left;\n\t\t\t\tmargin-top: 10px;\n\t\t\t\ttext-align: center;\n\t\t\t\twidth: 100%;\n\t\t\t}\n\t\t\t#gallery-1 img {\n\t\t\t\tborder: 2px solid #cfcfcf;\n\t\t\t}\n\t\t\t#gallery-1 .gallery-caption {\n\t\t\t\tmargin-left: 0;\n\t\t\t}\n\t\t\t\/* see gallery_shortcode() in wp-includes\/media.php *\/\n\t\t<\/style>\n\t\t<div id='gallery-1' class='gallery galleryid-5583 gallery-columns-1 gallery-size-full'><dl class='gallery-item'>\n\t\t\t<dt class='gallery-icon landscape'>\n\t\t\t\t<img loading=\"lazy\" decoding=\"async\" width=\"1024\" height=\"713\" src=\"https:\/\/www.quesosdelcasar.es\/wp-content\/uploads\/2022\/11\/2022-11-22-quesos-del-casar-premio-a-cuerpo-de-rey-cope-1024x713px-00.jpg\" class=\"attachment-full size-full\" alt=\"Premio A cuerpo de Rey de COPE\" srcset=\"https:\/\/www.quesosdelcasar.es\/wp-content\/uploads\/2022\/11\/2022-11-22-quesos-del-casar-premio-a-cuerpo-de-rey-cope-1024x713px-00.jpg 1024w, https:\/\/www.quesosdelcasar.es\/wp-content\/uploads\/2022\/11\/2022-11-22-quesos-del-casar-premio-a-cuerpo-de-rey-cope-1024x713px-00-592x412.jpg 592w, https:\/\/www.quesosdelcasar.es\/wp-content\/uploads\/2022\/11\/2022-11-22-quesos-del-casar-premio-a-cuerpo-de-rey-cope-1024x713px-00-850x592.jpg 850w, https:\/\/www.quesosdelcasar.es\/wp-content\/uploads\/2022\/11\/2022-11-22-quesos-del-casar-premio-a-cuerpo-de-rey-cope-1024x713px-00-300x209.jpg 300w, https:\/\/www.quesosdelcasar.es\/wp-content\/uploads\/2022\/11\/2022-11-22-quesos-del-casar-premio-a-cuerpo-de-rey-cope-1024x713px-00-768x535.jpg 768w, https:\/\/www.quesosdelcasar.es\/wp-content\/uploads\/2022\/11\/2022-11-22-quesos-del-casar-premio-a-cuerpo-de-rey-cope-1024x713px-00-700x487.jpg 700w\" sizes=\"auto, (max-width: 1024px) 100vw, 1024px\" \/>\n\t\t\t<\/dt><\/dl><br style=\"clear: both\" \/><dl class='gallery-item'>\n\t\t\t<dt class='gallery-icon landscape'>\n\t\t\t\t<img loading=\"lazy\" decoding=\"async\" width=\"1024\" height=\"713\" src=\"https:\/\/www.quesosdelcasar.es\/wp-content\/uploads\/2022\/11\/2022-11-22-quesos-del-casar-premio-a-cuerpo-de-rey-cope-1024x713px-01.jpg\" class=\"attachment-full size-full\" alt=\"Premio A cuerpo de Rey de COPE\" srcset=\"https:\/\/www.quesosdelcasar.es\/wp-content\/uploads\/2022\/11\/2022-11-22-quesos-del-casar-premio-a-cuerpo-de-rey-cope-1024x713px-01.jpg 1024w, https:\/\/www.quesosdelcasar.es\/wp-content\/uploads\/2022\/11\/2022-11-22-quesos-del-casar-premio-a-cuerpo-de-rey-cope-1024x713px-01-592x412.jpg 592w, https:\/\/www.quesosdelcasar.es\/wp-content\/uploads\/2022\/11\/2022-11-22-quesos-del-casar-premio-a-cuerpo-de-rey-cope-1024x713px-01-850x592.jpg 850w, https:\/\/www.quesosdelcasar.es\/wp-content\/uploads\/2022\/11\/2022-11-22-quesos-del-casar-premio-a-cuerpo-de-rey-cope-1024x713px-01-300x209.jpg 300w, https:\/\/www.quesosdelcasar.es\/wp-content\/uploads\/2022\/11\/2022-11-22-quesos-del-casar-premio-a-cuerpo-de-rey-cope-1024x713px-01-768x535.jpg 768w, https:\/\/www.quesosdelcasar.es\/wp-content\/uploads\/2022\/11\/2022-11-22-quesos-del-casar-premio-a-cuerpo-de-rey-cope-1024x713px-01-700x487.jpg 700w\" sizes=\"auto, (max-width: 1024px) 100vw, 1024px\" \/>\n\t\t\t<\/dt><\/dl><br style=\"clear: both\" \/><dl class='gallery-item'>\n\t\t\t<dt class='gallery-icon landscape'>\n\t\t\t\t<img loading=\"lazy\" decoding=\"async\" width=\"1024\" height=\"713\" src=\"https:\/\/www.quesosdelcasar.es\/wp-content\/uploads\/2022\/11\/2022-11-22-quesos-del-casar-premio-a-cuerpo-de-rey-cope-1024x713px-02.jpg\" class=\"attachment-full size-full\" alt=\"Premio A cuerpo de Rey de COPE\" srcset=\"https:\/\/www.quesosdelcasar.es\/wp-content\/uploads\/2022\/11\/2022-11-22-quesos-del-casar-premio-a-cuerpo-de-rey-cope-1024x713px-02.jpg 1024w, https:\/\/www.quesosdelcasar.es\/wp-content\/uploads\/2022\/11\/2022-11-22-quesos-del-casar-premio-a-cuerpo-de-rey-cope-1024x713px-02-592x412.jpg 592w, https:\/\/www.quesosdelcasar.es\/wp-content\/uploads\/2022\/11\/2022-11-22-quesos-del-casar-premio-a-cuerpo-de-rey-cope-1024x713px-02-850x592.jpg 850w, https:\/\/www.quesosdelcasar.es\/wp-content\/uploads\/2022\/11\/2022-11-22-quesos-del-casar-premio-a-cuerpo-de-rey-cope-1024x713px-02-300x209.jpg 300w, https:\/\/www.quesosdelcasar.es\/wp-content\/uploads\/2022\/11\/2022-11-22-quesos-del-casar-premio-a-cuerpo-de-rey-cope-1024x713px-02-768x535.jpg 768w, https:\/\/www.quesosdelcasar.es\/wp-content\/uploads\/2022\/11\/2022-11-22-quesos-del-casar-premio-a-cuerpo-de-rey-cope-1024x713px-02-700x487.jpg 700w\" sizes=\"auto, (max-width: 1024px) 100vw, 1024px\" \/>\n\t\t\t<\/dt><\/dl><br style=\"clear: both\" \/>\n\t\t<\/div>\n\n<p>[\/vc_column_text][\/vc_column][\/vc_row][vc_row css_animation=&#8221;&#8221; row_type=&#8221;row&#8221; use_row_as_full_screen_section=&#8221;no&#8221; type=&#8221;full_width&#8221; angled_section=&#8221;no&#8221; text_align=&#8221;left&#8221; background_image_as_pattern=&#8221;without_pattern&#8221;][vc_column][vc_empty_space height=&#8221;20px&#8221;][vc_column_text]Seguimos con la racha de premios, esta vez de la mano de la cadena COPE Extremadura con los IV Premios de Gastronom\u00eda y Turismo &#8216;A cuerpo de Rey&#8217;. Unos premios que se entregaron en la noche del pasado martes 22\/11\/2022 en una gala celebrada en el Hotel Barcel\u00f3 V Centenario de C\u00e1ceres, y que estuvo presentada por el comunicador de COPE Javi Moreno, el colaborador del programa Jaime Ruiz Pe\u00f1a, as\u00ed como los periodistas Celia Lafuente y Juan Pedro S\u00e1nchez.<\/p>\n<p>El prop\u00f3sito de estos premios es reconocer a aquellas personas, empresas o instituciones que hayan destacado por su aportaci\u00f3n al turismo y la gastronom\u00eda de la regi\u00f3n. Esta vez es nuestra gama completa de quesos los que fueron galardonados en la categor\u00eda de Mejor Producto Extreme\u00f1o.<\/p>\n<p>Pod\u00e9is ver la noticia completa pulsando en los siguientes medios:[\/vc_column_text][vc_empty_space height=&#8221;25px&#8221;][qode_elements_holder number_of_columns=&#8221;four_columns&#8221; switch_to_one_column=&#8221;1000&#8243; alignment_one_column=&#8221;center&#8221;][qode_elements_holder_item advanced_animations=&#8221;no&#8221;]<div class=\"image_hover \" data-transition-delay=\"\"><div class=\"images_holder\"><a itemprop=\"url\" href=\"https:\/\/www.cope.es\/emisoras\/extremadura\/caceres-provincia\/caceres\/noticias\/cope-extremadura-entrego-sus-premios-gastronomia-turismo-cuerpo-rey-20221123_2413760\" target=\"_blank\"><img decoding=\"async\" itemprop=\"image\" class=\"active_image \" src=\"https:\/\/www.quesosdelcasar.es\/wp-content\/uploads\/2022\/11\/logo-prensa-cope-gris-200x46px.png\" alt=\"Main Image\" style=\"\" \/><img decoding=\"async\" itemprop=\"image\" class=\"hover_image\" src=\"https:\/\/www.quesosdelcasar.es\/wp-content\/uploads\/2022\/11\/logo-prensa-cope-color-200x46px-1.png\" alt=\"Hover Image\" style=\"\" \/><\/a><\/div><\/div>[\/qode_elements_holder_item][qode_elements_holder_item advanced_animations=&#8221;no&#8221;]<div class=\"image_hover \" data-transition-delay=\"\"><div class=\"images_holder\"><a itemprop=\"url\" href=\"https:\/\/www.regiondigital.com\/noticias\/economia\/371126-quesos-del-casar-otono-magico-o-las-edades-del-hombre-premios-a-cuerpo-de-rey-de-cope.html\" target=\"_blank\"><img decoding=\"async\" itemprop=\"image\" class=\"active_image \" src=\"https:\/\/www.quesosdelcasar.es\/wp-content\/uploads\/2022\/11\/logo-prensa-region-digital-gris-200x46px-3.png\" alt=\"Main Image\" style=\"\" \/><img decoding=\"async\" itemprop=\"image\" class=\"hover_image\" src=\"https:\/\/www.quesosdelcasar.es\/wp-content\/uploads\/2022\/11\/logo-prensa-region-digital-color-200x46px-3.png\" alt=\"Hover Image\" style=\"\" \/><\/a><\/div><\/div>[\/qode_elements_holder_item][qode_elements_holder_item advanced_animations=&#8221;no&#8221;]<div class=\"image_hover \" data-transition-delay=\"\"><div class=\"images_holder\"><a itemprop=\"url\" href=\"https:\/\/digitalextremadura.com\/227175-2\/\" target=\"_blank\"><img decoding=\"async\" itemprop=\"image\" class=\"active_image \" src=\"https:\/\/www.quesosdelcasar.es\/wp-content\/uploads\/2022\/11\/logo-prensa-digital-extremadura-horizontal-gris-200x46px-1.png\" alt=\"Main Image\" style=\"\" \/><img decoding=\"async\" itemprop=\"image\" class=\"hover_image\" src=\"https:\/\/www.quesosdelcasar.es\/wp-content\/uploads\/2022\/11\/logo-prensa-digital-extremadura-horizontal-color-200x46px-1.png\" alt=\"Hover Image\" style=\"\" \/><\/a><\/div><\/div>[\/qode_elements_holder_item][\/qode_elements_holder][\/vc_column][\/vc_row]<\/p>\n<\/div>","protected":false},"excerpt":{"rendered":"<p>Seguimos con la racha de premios, esta vez de la mano de la cadena COPE Extremadura con los IV Premios de Gastronom\u00eda y Turismo &#8216;A cuerpo de Rey&#8217;. El prop\u00f3sito de estos premios es reconocer a aquellas personas, empresas o instituciones que hayan destacado por su aportaci\u00f3n al turismo y la gastronom\u00eda de la regi\u00f3n. Esta vez es nuestra gama completa de quesos los que fueron galardonados en la categor\u00eda de Mejor Producto Extreme\u00f1o.<\/p>\n","protected":false},"author":36,"featured_media":5584,"comment_status":"open","ping_status":"open","sticky":false,"template":"","format":"gallery","meta":{"footnotes":""},"categories":[30,118],"tags":[],"class_list":["post-5583","post","type-post","status-publish","format-gallery","has-post-thumbnail","hentry","category-premios","category-prensa","post_format-post-format-gallery"],"yoast_head":"<!-- This site is optimized with the Yoast SEO plugin v27.5 - https:\/\/yoast.com\/product\/yoast-seo-wordpress\/ -->\n<title>Quesos del Casar premio &#039;A cuerpo de Rey&#039; de COPE<\/title>\n<meta name=\"description\" content=\"Seguimos con la racha de premios, esta vez de la mano de la cadena COPE Extremadura con los IV Premios de Gastronom\u00eda y Turismo &#039;A cuerpo de Rey&#039;. El prop\u00f3sito de estos premios es reconocer a aquellas personas, empresas o instituciones que hayan destacado por su aportaci\u00f3n al turismo y la gastronom\u00eda de la regi\u00f3n. Esta vez es nuestra gama completa de quesos los que fueron galardonados en la categor\u00eda de Mejor Producto Extreme\u00f1o.\" \/>\n<meta name=\"robots\" content=\"index, follow, max-snippet:-1, max-image-preview:large, max-video-preview:-1\" \/>\n<link rel=\"canonical\" href=\"https:\/\/www.quesosdelcasar.es\/en\/quesos-del-casar-premio-a-cuerpo-de-rey-de-cope\/\" \/>\n<meta property=\"og:locale\" content=\"en_US\" \/>\n<meta property=\"og:type\" content=\"article\" \/>\n<meta property=\"og:title\" content=\"Quesos del Casar premio &#039;A cuerpo de Rey&#039; de COPE\" \/>\n<meta property=\"og:description\" content=\"Seguimos con la racha de premios, esta vez de la mano de la cadena COPE Extremadura con los IV Premios de Gastronom\u00eda y Turismo &#039;A cuerpo de Rey&#039;. El prop\u00f3sito de estos premios es reconocer a aquellas personas, empresas o instituciones que hayan destacado por su aportaci\u00f3n al turismo y la gastronom\u00eda de la regi\u00f3n. Esta vez es nuestra gama completa de quesos los que fueron galardonados en la categor\u00eda de Mejor Producto Extreme\u00f1o.\" \/>\n<meta property=\"og:url\" content=\"https:\/\/www.quesosdelcasar.es\/en\/quesos-del-casar-premio-a-cuerpo-de-rey-de-cope\/\" \/>\n<meta property=\"og:site_name\" content=\"Quesos del Casar\" \/>\n<meta property=\"article:published_time\" content=\"2022-11-28T07:30:32+00:00\" \/>\n<meta property=\"article:modified_time\" content=\"2022-11-28T18:20:07+00:00\" \/>\n<meta property=\"og:image\" content=\"https:\/\/www.quesosdelcasar.es\/wp-content\/uploads\/2022\/11\/2022-11-22-quesos-del-casar-premio-a-cuerpo-de-rey-cope-1024x713px-00.jpg\" \/>\n\t<meta property=\"og:image:width\" content=\"1024\" \/>\n\t<meta property=\"og:image:height\" content=\"713\" \/>\n\t<meta property=\"og:image:type\" content=\"image\/jpeg\" \/>\n<meta name=\"author\" content=\"Filtro Creativo\" \/>\n<meta name=\"twitter:card\" content=\"summary_large_image\" \/>\n<meta name=\"twitter:title\" content=\"Quesos del Casar premio &#039;A cuerpo de Rey&#039; de COPE\" \/>\n<meta name=\"twitter:description\" content=\"Seguimos con la racha de premios, esta vez de la mano de la cadena COPE Extremadura con los IV Premios de Gastronom\u00eda y Turismo &#039;A cuerpo de Rey&#039;. El prop\u00f3sito de estos premios es reconocer a aquellas personas, empresas o instituciones que hayan destacado por su aportaci\u00f3n al turismo y la gastronom\u00eda de la regi\u00f3n. Esta vez es nuestra gama completa de quesos los que fueron galardonados en la categor\u00eda de Mejor Producto Extreme\u00f1o.\" \/>\n<meta name=\"twitter:image\" content=\"https:\/\/www.quesosdelcasar.es\/wp-content\/uploads\/2022\/11\/2022-11-22-quesos-del-casar-premio-a-cuerpo-de-rey-cope-1024x713px-00.jpg\" \/>\n<meta name=\"twitter:label1\" content=\"Written by\" \/>\n\t<meta name=\"twitter:data1\" content=\"Filtro Creativo\" \/>\n\t<meta name=\"twitter:label2\" content=\"Est. reading time\" \/>\n\t<meta name=\"twitter:data2\" content=\"1 minute\" \/>\n<script type=\"application\/ld+json\" class=\"yoast-schema-graph\">{\"@context\":\"https:\\\/\\\/schema.org\",\"@graph\":[{\"@type\":\"Article\",\"@id\":\"https:\\\/\\\/www.quesosdelcasar.es\\\/en\\\/quesos-del-casar-premio-a-cuerpo-de-rey-de-cope\\\/#article\",\"isPartOf\":{\"@id\":\"https:\\\/\\\/www.quesosdelcasar.es\\\/en\\\/quesos-del-casar-premio-a-cuerpo-de-rey-de-cope\\\/\"},\"author\":{\"name\":\"Filtro Creativo\",\"@id\":\"https:\\\/\\\/www.quesosdelcasar.es\\\/en\\\/#\\\/schema\\\/person\\\/0bef99d101ace34ced779e47b8906eea\"},\"headline\":\"Quesos del Casar premio &#8216;A cuerpo de Rey&#8217; de COPE\",\"datePublished\":\"2022-11-28T07:30:32+00:00\",\"dateModified\":\"2022-11-28T18:20:07+00:00\",\"mainEntityOfPage\":{\"@id\":\"https:\\\/\\\/www.quesosdelcasar.es\\\/en\\\/quesos-del-casar-premio-a-cuerpo-de-rey-de-cope\\\/\"},\"wordCount\":353,\"commentCount\":0,\"publisher\":{\"@id\":\"https:\\\/\\\/www.quesosdelcasar.es\\\/en\\\/#organization\"},\"image\":{\"@id\":\"https:\\\/\\\/www.quesosdelcasar.es\\\/en\\\/quesos-del-casar-premio-a-cuerpo-de-rey-de-cope\\\/#primaryimage\"},\"thumbnailUrl\":\"https:\\\/\\\/www.quesosdelcasar.es\\\/wp-content\\\/uploads\\\/2022\\\/11\\\/2022-11-22-quesos-del-casar-premio-a-cuerpo-de-rey-cope-1024x713px-00.jpg\",\"articleSection\":[\"Premios\",\"Prensa\"],\"inLanguage\":\"en-US\",\"potentialAction\":[{\"@type\":\"CommentAction\",\"name\":\"Comment\",\"target\":[\"https:\\\/\\\/www.quesosdelcasar.es\\\/en\\\/quesos-del-casar-premio-a-cuerpo-de-rey-de-cope\\\/#respond\"]}]},{\"@type\":\"WebPage\",\"@id\":\"https:\\\/\\\/www.quesosdelcasar.es\\\/en\\\/quesos-del-casar-premio-a-cuerpo-de-rey-de-cope\\\/\",\"url\":\"https:\\\/\\\/www.quesosdelcasar.es\\\/en\\\/quesos-del-casar-premio-a-cuerpo-de-rey-de-cope\\\/\",\"name\":\"Quesos del Casar premio 'A cuerpo de Rey' de COPE\",\"isPartOf\":{\"@id\":\"https:\\\/\\\/www.quesosdelcasar.es\\\/en\\\/#website\"},\"primaryImageOfPage\":{\"@id\":\"https:\\\/\\\/www.quesosdelcasar.es\\\/en\\\/quesos-del-casar-premio-a-cuerpo-de-rey-de-cope\\\/#primaryimage\"},\"image\":{\"@id\":\"https:\\\/\\\/www.quesosdelcasar.es\\\/en\\\/quesos-del-casar-premio-a-cuerpo-de-rey-de-cope\\\/#primaryimage\"},\"thumbnailUrl\":\"https:\\\/\\\/www.quesosdelcasar.es\\\/wp-content\\\/uploads\\\/2022\\\/11\\\/2022-11-22-quesos-del-casar-premio-a-cuerpo-de-rey-cope-1024x713px-00.jpg\",\"datePublished\":\"2022-11-28T07:30:32+00:00\",\"dateModified\":\"2022-11-28T18:20:07+00:00\",\"description\":\"Seguimos con la racha de premios, esta vez de la mano de la cadena COPE Extremadura con los IV Premios de Gastronom\u00eda y Turismo 'A cuerpo de Rey'. El prop\u00f3sito de estos premios es reconocer a aquellas personas, empresas o instituciones que hayan destacado por su aportaci\u00f3n al turismo y la gastronom\u00eda de la regi\u00f3n. Esta vez es nuestra gama completa de quesos los que fueron galardonados en la categor\u00eda de Mejor Producto Extreme\u00f1o.\",\"breadcrumb\":{\"@id\":\"https:\\\/\\\/www.quesosdelcasar.es\\\/en\\\/quesos-del-casar-premio-a-cuerpo-de-rey-de-cope\\\/#breadcrumb\"},\"inLanguage\":\"en-US\",\"potentialAction\":[{\"@type\":\"ReadAction\",\"target\":[\"https:\\\/\\\/www.quesosdelcasar.es\\\/en\\\/quesos-del-casar-premio-a-cuerpo-de-rey-de-cope\\\/\"]}]},{\"@type\":\"ImageObject\",\"inLanguage\":\"en-US\",\"@id\":\"https:\\\/\\\/www.quesosdelcasar.es\\\/en\\\/quesos-del-casar-premio-a-cuerpo-de-rey-de-cope\\\/#primaryimage\",\"url\":\"https:\\\/\\\/www.quesosdelcasar.es\\\/wp-content\\\/uploads\\\/2022\\\/11\\\/2022-11-22-quesos-del-casar-premio-a-cuerpo-de-rey-cope-1024x713px-00.jpg\",\"contentUrl\":\"https:\\\/\\\/www.quesosdelcasar.es\\\/wp-content\\\/uploads\\\/2022\\\/11\\\/2022-11-22-quesos-del-casar-premio-a-cuerpo-de-rey-cope-1024x713px-00.jpg\",\"width\":1024,\"height\":713,\"caption\":\"Premio A cuerpo de Rey de COPE\"},{\"@type\":\"BreadcrumbList\",\"@id\":\"https:\\\/\\\/www.quesosdelcasar.es\\\/en\\\/quesos-del-casar-premio-a-cuerpo-de-rey-de-cope\\\/#breadcrumb\",\"itemListElement\":[{\"@type\":\"ListItem\",\"position\":1,\"name\":\"Portada\",\"item\":\"https:\\\/\\\/www.quesosdelcasar.es\\\/en\\\/torta-del-casar-dop-gran-casar-y-quesos-de-extremadura-tradicionales\\\/\"},{\"@type\":\"ListItem\",\"position\":2,\"name\":\"Quesos del Casar premio &#8216;A cuerpo de Rey&#8217; de COPE\"}]},{\"@type\":\"WebSite\",\"@id\":\"https:\\\/\\\/www.quesosdelcasar.es\\\/en\\\/#website\",\"url\":\"https:\\\/\\\/www.quesosdelcasar.es\\\/en\\\/\",\"name\":\"Quesos del Casar\",\"description\":\"Torta del Casar DOP y quesos de tradici\u00f3n extreme\u00f1a.\",\"publisher\":{\"@id\":\"https:\\\/\\\/www.quesosdelcasar.es\\\/en\\\/#organization\"},\"potentialAction\":[{\"@type\":\"SearchAction\",\"target\":{\"@type\":\"EntryPoint\",\"urlTemplate\":\"https:\\\/\\\/www.quesosdelcasar.es\\\/en\\\/?s={search_term_string}\"},\"query-input\":{\"@type\":\"PropertyValueSpecification\",\"valueRequired\":true,\"valueName\":\"search_term_string\"}}],\"inLanguage\":\"en-US\"},{\"@type\":\"Organization\",\"@id\":\"https:\\\/\\\/www.quesosdelcasar.es\\\/en\\\/#organization\",\"name\":\"Quesos del Casar\",\"url\":\"https:\\\/\\\/www.quesosdelcasar.es\\\/en\\\/\",\"logo\":{\"@type\":\"ImageObject\",\"inLanguage\":\"en-US\",\"@id\":\"https:\\\/\\\/www.quesosdelcasar.es\\\/en\\\/#\\\/schema\\\/logo\\\/image\\\/\",\"url\":\"https:\\\/\\\/www.quesosdelcasar.es\\\/wp-content\\\/uploads\\\/2022\\\/06\\\/logo-quesos-del-casar-200x66px-color-731d34.png\",\"contentUrl\":\"https:\\\/\\\/www.quesosdelcasar.es\\\/wp-content\\\/uploads\\\/2022\\\/06\\\/logo-quesos-del-casar-200x66px-color-731d34.png\",\"width\":200,\"height\":66,\"caption\":\"Quesos del Casar\"},\"image\":{\"@id\":\"https:\\\/\\\/www.quesosdelcasar.es\\\/en\\\/#\\\/schema\\\/logo\\\/image\\\/\"}},{\"@type\":\"Person\",\"@id\":\"https:\\\/\\\/www.quesosdelcasar.es\\\/en\\\/#\\\/schema\\\/person\\\/0bef99d101ace34ced779e47b8906eea\",\"name\":\"Filtro Creativo\",\"sameAs\":[\"http:\\\/\\\/www.filtrocreativo.com\"],\"url\":\"https:\\\/\\\/www.quesosdelcasar.es\\\/en\\\/author\\\/filtro-creativo-0\\\/\"}]}<\/script>\n<!-- \/ Yoast SEO plugin. -->","yoast_head_json":{"title":"Quesos del Casar premio 'A cuerpo de Rey' de COPE","description":"Seguimos con la racha de premios, esta vez de la mano de la cadena COPE Extremadura con los IV Premios de Gastronom\u00eda y Turismo 'A cuerpo de Rey'. El prop\u00f3sito de estos premios es reconocer a aquellas personas, empresas o instituciones que hayan destacado por su aportaci\u00f3n al turismo y la gastronom\u00eda de la regi\u00f3n. Esta vez es nuestra gama completa de quesos los que fueron galardonados en la categor\u00eda de Mejor Producto Extreme\u00f1o.","robots":{"index":"index","follow":"follow","max-snippet":"max-snippet:-1","max-image-preview":"max-image-preview:large","max-video-preview":"max-video-preview:-1"},"canonical":"https:\/\/www.quesosdelcasar.es\/en\/quesos-del-casar-premio-a-cuerpo-de-rey-de-cope\/","og_locale":"en_US","og_type":"article","og_title":"Quesos del Casar premio 'A cuerpo de Rey' de COPE","og_description":"Seguimos con la racha de premios, esta vez de la mano de la cadena COPE Extremadura con los IV Premios de Gastronom\u00eda y Turismo 'A cuerpo de Rey'. El prop\u00f3sito de estos premios es reconocer a aquellas personas, empresas o instituciones que hayan destacado por su aportaci\u00f3n al turismo y la gastronom\u00eda de la regi\u00f3n. Esta vez es nuestra gama completa de quesos los que fueron galardonados en la categor\u00eda de Mejor Producto Extreme\u00f1o.","og_url":"https:\/\/www.quesosdelcasar.es\/en\/quesos-del-casar-premio-a-cuerpo-de-rey-de-cope\/","og_site_name":"Quesos del Casar","article_published_time":"2022-11-28T07:30:32+00:00","article_modified_time":"2022-11-28T18:20:07+00:00","og_image":[{"width":1024,"height":713,"url":"https:\/\/www.quesosdelcasar.es\/wp-content\/uploads\/2022\/11\/2022-11-22-quesos-del-casar-premio-a-cuerpo-de-rey-cope-1024x713px-00.jpg","type":"image\/jpeg"}],"author":"Filtro Creativo","twitter_card":"summary_large_image","twitter_title":"Quesos del Casar premio 'A cuerpo de Rey' de COPE","twitter_description":"Seguimos con la racha de premios, esta vez de la mano de la cadena COPE Extremadura con los IV Premios de Gastronom\u00eda y Turismo 'A cuerpo de Rey'. El prop\u00f3sito de estos premios es reconocer a aquellas personas, empresas o instituciones que hayan destacado por su aportaci\u00f3n al turismo y la gastronom\u00eda de la regi\u00f3n. Esta vez es nuestra gama completa de quesos los que fueron galardonados en la categor\u00eda de Mejor Producto Extreme\u00f1o.","twitter_image":"https:\/\/www.quesosdelcasar.es\/wp-content\/uploads\/2022\/11\/2022-11-22-quesos-del-casar-premio-a-cuerpo-de-rey-cope-1024x713px-00.jpg","twitter_misc":{"Written by":"Filtro Creativo","Est. reading time":"1 minute"},"schema":{"@context":"https:\/\/schema.org","@graph":[{"@type":"Article","@id":"https:\/\/www.quesosdelcasar.es\/en\/quesos-del-casar-premio-a-cuerpo-de-rey-de-cope\/#article","isPartOf":{"@id":"https:\/\/www.quesosdelcasar.es\/en\/quesos-del-casar-premio-a-cuerpo-de-rey-de-cope\/"},"author":{"name":"Filtro Creativo","@id":"https:\/\/www.quesosdelcasar.es\/en\/#\/schema\/person\/0bef99d101ace34ced779e47b8906eea"},"headline":"Quesos del Casar premio &#8216;A cuerpo de Rey&#8217; de COPE","datePublished":"2022-11-28T07:30:32+00:00","dateModified":"2022-11-28T18:20:07+00:00","mainEntityOfPage":{"@id":"https:\/\/www.quesosdelcasar.es\/en\/quesos-del-casar-premio-a-cuerpo-de-rey-de-cope\/"},"wordCount":353,"commentCount":0,"publisher":{"@id":"https:\/\/www.quesosdelcasar.es\/en\/#organization"},"image":{"@id":"https:\/\/www.quesosdelcasar.es\/en\/quesos-del-casar-premio-a-cuerpo-de-rey-de-cope\/#primaryimage"},"thumbnailUrl":"https:\/\/www.quesosdelcasar.es\/wp-content\/uploads\/2022\/11\/2022-11-22-quesos-del-casar-premio-a-cuerpo-de-rey-cope-1024x713px-00.jpg","articleSection":["Premios","Prensa"],"inLanguage":"en-US","potentialAction":[{"@type":"CommentAction","name":"Comment","target":["https:\/\/www.quesosdelcasar.es\/en\/quesos-del-casar-premio-a-cuerpo-de-rey-de-cope\/#respond"]}]},{"@type":"WebPage","@id":"https:\/\/www.quesosdelcasar.es\/en\/quesos-del-casar-premio-a-cuerpo-de-rey-de-cope\/","url":"https:\/\/www.quesosdelcasar.es\/en\/quesos-del-casar-premio-a-cuerpo-de-rey-de-cope\/","name":"Quesos del Casar premio 'A cuerpo de Rey' de COPE","isPartOf":{"@id":"https:\/\/www.quesosdelcasar.es\/en\/#website"},"primaryImageOfPage":{"@id":"https:\/\/www.quesosdelcasar.es\/en\/quesos-del-casar-premio-a-cuerpo-de-rey-de-cope\/#primaryimage"},"image":{"@id":"https:\/\/www.quesosdelcasar.es\/en\/quesos-del-casar-premio-a-cuerpo-de-rey-de-cope\/#primaryimage"},"thumbnailUrl":"https:\/\/www.quesosdelcasar.es\/wp-content\/uploads\/2022\/11\/2022-11-22-quesos-del-casar-premio-a-cuerpo-de-rey-cope-1024x713px-00.jpg","datePublished":"2022-11-28T07:30:32+00:00","dateModified":"2022-11-28T18:20:07+00:00","description":"Seguimos con la racha de premios, esta vez de la mano de la cadena COPE Extremadura con los IV Premios de Gastronom\u00eda y Turismo 'A cuerpo de Rey'. El prop\u00f3sito de estos premios es reconocer a aquellas personas, empresas o instituciones que hayan destacado por su aportaci\u00f3n al turismo y la gastronom\u00eda de la regi\u00f3n. Esta vez es nuestra gama completa de quesos los que fueron galardonados en la categor\u00eda de Mejor Producto Extreme\u00f1o.","breadcrumb":{"@id":"https:\/\/www.quesosdelcasar.es\/en\/quesos-del-casar-premio-a-cuerpo-de-rey-de-cope\/#breadcrumb"},"inLanguage":"en-US","potentialAction":[{"@type":"ReadAction","target":["https:\/\/www.quesosdelcasar.es\/en\/quesos-del-casar-premio-a-cuerpo-de-rey-de-cope\/"]}]},{"@type":"ImageObject","inLanguage":"en-US","@id":"https:\/\/www.quesosdelcasar.es\/en\/quesos-del-casar-premio-a-cuerpo-de-rey-de-cope\/#primaryimage","url":"https:\/\/www.quesosdelcasar.es\/wp-content\/uploads\/2022\/11\/2022-11-22-quesos-del-casar-premio-a-cuerpo-de-rey-cope-1024x713px-00.jpg","contentUrl":"https:\/\/www.quesosdelcasar.es\/wp-content\/uploads\/2022\/11\/2022-11-22-quesos-del-casar-premio-a-cuerpo-de-rey-cope-1024x713px-00.jpg","width":1024,"height":713,"caption":"Premio A cuerpo de Rey de COPE"},{"@type":"BreadcrumbList","@id":"https:\/\/www.quesosdelcasar.es\/en\/quesos-del-casar-premio-a-cuerpo-de-rey-de-cope\/#breadcrumb","itemListElement":[{"@type":"ListItem","position":1,"name":"Portada","item":"https:\/\/www.quesosdelcasar.es\/en\/torta-del-casar-dop-gran-casar-y-quesos-de-extremadura-tradicionales\/"},{"@type":"ListItem","position":2,"name":"Quesos del Casar premio &#8216;A cuerpo de Rey&#8217; de COPE"}]},{"@type":"WebSite","@id":"https:\/\/www.quesosdelcasar.es\/en\/#website","url":"https:\/\/www.quesosdelcasar.es\/en\/","name":"Quesos del Casar","description":"Torta del Casar DOP y quesos de tradici\u00f3n extreme\u00f1a.","publisher":{"@id":"https:\/\/www.quesosdelcasar.es\/en\/#organization"},"potentialAction":[{"@type":"SearchAction","target":{"@type":"EntryPoint","urlTemplate":"https:\/\/www.quesosdelcasar.es\/en\/?s={search_term_string}"},"query-input":{"@type":"PropertyValueSpecification","valueRequired":true,"valueName":"search_term_string"}}],"inLanguage":"en-US"},{"@type":"Organization","@id":"https:\/\/www.quesosdelcasar.es\/en\/#organization","name":"Quesos del Casar","url":"https:\/\/www.quesosdelcasar.es\/en\/","logo":{"@type":"ImageObject","inLanguage":"en-US","@id":"https:\/\/www.quesosdelcasar.es\/en\/#\/schema\/logo\/image\/","url":"https:\/\/www.quesosdelcasar.es\/wp-content\/uploads\/2022\/06\/logo-quesos-del-casar-200x66px-color-731d34.png","contentUrl":"https:\/\/www.quesosdelcasar.es\/wp-content\/uploads\/2022\/06\/logo-quesos-del-casar-200x66px-color-731d34.png","width":200,"height":66,"caption":"Quesos del Casar"},"image":{"@id":"https:\/\/www.quesosdelcasar.es\/en\/#\/schema\/logo\/image\/"}},{"@type":"Person","@id":"https:\/\/www.quesosdelcasar.es\/en\/#\/schema\/person\/0bef99d101ace34ced779e47b8906eea","name":"Filtro Creativo","sameAs":["http:\/\/www.filtrocreativo.com"],"url":"https:\/\/www.quesosdelcasar.es\/en\/author\/filtro-creativo-0\/"}]}},"_links":{"self":[{"href":"https:\/\/www.quesosdelcasar.es\/en\/wp-json\/wp\/v2\/posts\/5583","targetHints":{"allow":["GET"]}}],"collection":[{"href":"https:\/\/www.quesosdelcasar.es\/en\/wp-json\/wp\/v2\/posts"}],"about":[{"href":"https:\/\/www.quesosdelcasar.es\/en\/wp-json\/wp\/v2\/types\/post"}],"author":[{"embeddable":true,"href":"https:\/\/www.quesosdelcasar.es\/en\/wp-json\/wp\/v2\/users\/36"}],"replies":[{"embeddable":true,"href":"https:\/\/www.quesosdelcasar.es\/en\/wp-json\/wp\/v2\/comments?post=5583"}],"version-history":[{"count":0,"href":"https:\/\/www.quesosdelcasar.es\/en\/wp-json\/wp\/v2\/posts\/5583\/revisions"}],"wp:featuredmedia":[{"embeddable":true,"href":"https:\/\/www.quesosdelcasar.es\/en\/wp-json\/wp\/v2\/media\/5584"}],"wp:attachment":[{"href":"https:\/\/www.quesosdelcasar.es\/en\/wp-json\/wp\/v2\/media?parent=5583"}],"wp:term":[{"taxonomy":"category","embeddable":true,"href":"https:\/\/www.quesosdelcasar.es\/en\/wp-json\/wp\/v2\/categories?post=5583"},{"taxonomy":"post_tag","embeddable":true,"href":"https:\/\/www.quesosdelcasar.es\/en\/wp-json\/wp\/v2\/tags?post=5583"}],"curies":[{"name":"wp","href":"https:\/\/api.w.org\/{rel}","templated":true}]}}