{"id":392,"date":"2021-10-28T07:29:41","date_gmt":"2021-10-28T05:29:41","guid":{"rendered":"https:\/\/www.quesosdelcasar.es\/?p=392"},"modified":"2024-10-02T19:04:09","modified_gmt":"2024-10-02T17:04:09","slug":"viejo-maestro-cabra-ya-esta-en-mas-de-15-paises","status":"publish","type":"post","link":"https:\/\/www.quesosdelcasar.es\/en\/viejo-maestro-cabra-ya-esta-en-mas-de-15-paises\/","title":{"rendered":"VIEJO MAESTRO en m\u00e1s de 15 pa\u00edses"},"content":{"rendered":"\r\n<p>VIEJO MAESTRO es cada vez m\u00e1s internacional, su calidad y su sabor cada vez conquista m\u00e1s paladares en todo el mundo. VIEJO MAESTRO, junto con GRAN CASAR, es el queso con m\u00e1s proyecci\u00f3n internacional, estando presentes en pa\u00edses como EEUU, Dinamarca, Noruega, Suecia, Finlandia, B\u00e9lgica, Holanda, M\u00e9xico, Rep\u00fablica Dominicana&#8230; y recientemente desde el mes de febrero en Per\u00fa.\u00a0<\/p>\r\n\r\n\r\n\r\n<p>VIEJO MAESTRO de cabra atrae a los amantes del queso por su peque\u00f1o formato (400 gramos que permiten un consumo r\u00e1pido) y por su sabor intenso a leche de cabra junto con un exterior enmohecido que provoca una fermentaci\u00f3n en la masa y una textura tan blanda que puede incluso llegar a untarse.<\/p>\r\n\r\n\r\n\r\n<p>Los galardones que atesora VIEJO MAESTRO corroboran su excelencia: Medallas de Oro y Plata consecutivas en la World Cheese Award y recientemente en The Great Taste Awards 2014 fue elegido como uno de los 50 MEJORES ALIMENTOS DEL MUNDO.\u00a0<\/p>\r\n\r\n\r\n\r\n\r\n\r\n<p>VIEJO MAESTRO se menciona en el libro &#8216;In Spain Gastronomy&#8217;, en el cual Enric Canut analiza las 30 empresas que hacen los mejores quesos de Espa\u00f1a.<\/p>\r\n","protected":false},"excerpt":{"rendered":"<p>Quesos del Casar SL sigue triunfando en los paladares de todo el mundo con su queso Viejo Maestro. Junto con la Torta GRAN CASAR DOP, el VIEJO MAESTRO es el queso con m\u00e1s proyecci\u00f3n internacional que tenemos\u00a0llegando a pa\u00edses como EEUU, Dinamarca, Noruega, Suecia, Finlandia, B\u00e9lgica, Holanda, M\u00e9xico o Rep\u00fablica Dominicana, recientemente\u00a0en el mes de febrero\u00a0a Per\u00fa.\u00a0<\/p>\n","protected":false},"author":14,"featured_media":393,"comment_status":"open","ping_status":"open","sticky":false,"template":"","format":"standard","meta":{"footnotes":""},"categories":[286],"tags":[],"class_list":["post-392","post","type-post","status-publish","format-standard","has-post-thumbnail","hentry","category-general"],"yoast_head":"<!-- This site is optimized with the Yoast SEO plugin v27.3 - https:\/\/yoast.com\/product\/yoast-seo-wordpress\/ -->\n<title>VIEJO MAESTRO en m\u00e1s de 15 pa\u00edses - Quesos del Casar<\/title>\n<meta name=\"robots\" content=\"index, follow, max-snippet:-1, max-image-preview:large, max-video-preview:-1\" \/>\n<link rel=\"canonical\" href=\"https:\/\/www.quesosdelcasar.es\/en\/viejo-maestro-cabra-ya-esta-en-mas-de-15-paises\/\" \/>\n<meta property=\"og:locale\" content=\"en_US\" \/>\n<meta property=\"og:type\" content=\"article\" \/>\n<meta property=\"og:title\" content=\"VIEJO MAESTRO en m\u00e1s de 15 pa\u00edses - Quesos del Casar\" \/>\n<meta property=\"og:description\" content=\"Quesos del Casar SL sigue triunfando en los paladares de todo el mundo con su queso Viejo Maestro. Junto con la Torta GRAN CASAR DOP, el VIEJO MAESTRO es el queso con m\u00e1s proyecci\u00f3n internacional que tenemos\u00a0llegando a pa\u00edses como EEUU, Dinamarca, Noruega, Suecia, Finlandia, B\u00e9lgica, Holanda, M\u00e9xico o Rep\u00fablica Dominicana, recientemente\u00a0en el mes de febrero\u00a0a Per\u00fa.\u00a0\" \/>\n<meta property=\"og:url\" content=\"https:\/\/www.quesosdelcasar.es\/en\/viejo-maestro-cabra-ya-esta-en-mas-de-15-paises\/\" \/>\n<meta property=\"og:site_name\" content=\"Quesos del Casar\" \/>\n<meta property=\"article:published_time\" content=\"2021-10-28T05:29:41+00:00\" \/>\n<meta property=\"article:modified_time\" content=\"2024-10-02T17:04:09+00:00\" \/>\n<meta property=\"og:image\" content=\"https:\/\/www.quesosdelcasar.es\/wp-content\/uploads\/2021\/10\/quesos-del-casar-viejo-maestro-queso-blog-01.jpg\" \/>\n\t<meta property=\"og:image:width\" content=\"1100\" \/>\n\t<meta property=\"og:image:height\" content=\"750\" \/>\n\t<meta property=\"og:image:type\" content=\"image\/jpeg\" \/>\n<meta name=\"author\" content=\"Quesos del Casar\" \/>\n<meta name=\"twitter:card\" content=\"summary_large_image\" \/>\n<meta name=\"twitter:label1\" content=\"Written by\" \/>\n\t<meta name=\"twitter:data1\" content=\"Quesos del Casar\" \/>\n\t<meta name=\"twitter:label2\" content=\"Est. reading time\" \/>\n\t<meta name=\"twitter:data2\" content=\"1 minute\" \/>\n<script type=\"application\/ld+json\" class=\"yoast-schema-graph\">{\"@context\":\"https:\\\/\\\/schema.org\",\"@graph\":[{\"@type\":\"Article\",\"@id\":\"https:\\\/\\\/www.quesosdelcasar.es\\\/en\\\/viejo-maestro-cabra-ya-esta-en-mas-de-15-paises\\\/#article\",\"isPartOf\":{\"@id\":\"https:\\\/\\\/www.quesosdelcasar.es\\\/en\\\/viejo-maestro-cabra-ya-esta-en-mas-de-15-paises\\\/\"},\"author\":{\"name\":\"Quesos del Casar\",\"@id\":\"https:\\\/\\\/www.quesosdelcasar.es\\\/en\\\/#\\\/schema\\\/person\\\/62b7b58dc35fa042fb99930411458aa7\"},\"headline\":\"VIEJO MAESTRO en m\u00e1s de 15 pa\u00edses\",\"datePublished\":\"2021-10-28T05:29:41+00:00\",\"dateModified\":\"2024-10-02T17:04:09+00:00\",\"mainEntityOfPage\":{\"@id\":\"https:\\\/\\\/www.quesosdelcasar.es\\\/en\\\/viejo-maestro-cabra-ya-esta-en-mas-de-15-paises\\\/\"},\"wordCount\":192,\"commentCount\":0,\"publisher\":{\"@id\":\"https:\\\/\\\/www.quesosdelcasar.es\\\/en\\\/#organization\"},\"image\":{\"@id\":\"https:\\\/\\\/www.quesosdelcasar.es\\\/en\\\/viejo-maestro-cabra-ya-esta-en-mas-de-15-paises\\\/#primaryimage\"},\"thumbnailUrl\":\"https:\\\/\\\/www.quesosdelcasar.es\\\/wp-content\\\/uploads\\\/2021\\\/10\\\/quesos-del-casar-viejo-maestro-queso-blog-01.jpg\",\"articleSection\":[\"Generales\"],\"inLanguage\":\"en-US\",\"potentialAction\":[{\"@type\":\"CommentAction\",\"name\":\"Comment\",\"target\":[\"https:\\\/\\\/www.quesosdelcasar.es\\\/en\\\/viejo-maestro-cabra-ya-esta-en-mas-de-15-paises\\\/#respond\"]}]},{\"@type\":\"WebPage\",\"@id\":\"https:\\\/\\\/www.quesosdelcasar.es\\\/en\\\/viejo-maestro-cabra-ya-esta-en-mas-de-15-paises\\\/\",\"url\":\"https:\\\/\\\/www.quesosdelcasar.es\\\/en\\\/viejo-maestro-cabra-ya-esta-en-mas-de-15-paises\\\/\",\"name\":\"VIEJO MAESTRO en m\u00e1s de 15 pa\u00edses - Quesos del Casar\",\"isPartOf\":{\"@id\":\"https:\\\/\\\/www.quesosdelcasar.es\\\/en\\\/#website\"},\"primaryImageOfPage\":{\"@id\":\"https:\\\/\\\/www.quesosdelcasar.es\\\/en\\\/viejo-maestro-cabra-ya-esta-en-mas-de-15-paises\\\/#primaryimage\"},\"image\":{\"@id\":\"https:\\\/\\\/www.quesosdelcasar.es\\\/en\\\/viejo-maestro-cabra-ya-esta-en-mas-de-15-paises\\\/#primaryimage\"},\"thumbnailUrl\":\"https:\\\/\\\/www.quesosdelcasar.es\\\/wp-content\\\/uploads\\\/2021\\\/10\\\/quesos-del-casar-viejo-maestro-queso-blog-01.jpg\",\"datePublished\":\"2021-10-28T05:29:41+00:00\",\"dateModified\":\"2024-10-02T17:04:09+00:00\",\"breadcrumb\":{\"@id\":\"https:\\\/\\\/www.quesosdelcasar.es\\\/en\\\/viejo-maestro-cabra-ya-esta-en-mas-de-15-paises\\\/#breadcrumb\"},\"inLanguage\":\"en-US\",\"potentialAction\":[{\"@type\":\"ReadAction\",\"target\":[\"https:\\\/\\\/www.quesosdelcasar.es\\\/en\\\/viejo-maestro-cabra-ya-esta-en-mas-de-15-paises\\\/\"]}]},{\"@type\":\"ImageObject\",\"inLanguage\":\"en-US\",\"@id\":\"https:\\\/\\\/www.quesosdelcasar.es\\\/en\\\/viejo-maestro-cabra-ya-esta-en-mas-de-15-paises\\\/#primaryimage\",\"url\":\"https:\\\/\\\/www.quesosdelcasar.es\\\/wp-content\\\/uploads\\\/2021\\\/10\\\/quesos-del-casar-viejo-maestro-queso-blog-01.jpg\",\"contentUrl\":\"https:\\\/\\\/www.quesosdelcasar.es\\\/wp-content\\\/uploads\\\/2021\\\/10\\\/quesos-del-casar-viejo-maestro-queso-blog-01.jpg\",\"width\":1100,\"height\":750,\"caption\":\"Viejo Maestro, Queso de cabra Madurado\"},{\"@type\":\"BreadcrumbList\",\"@id\":\"https:\\\/\\\/www.quesosdelcasar.es\\\/en\\\/viejo-maestro-cabra-ya-esta-en-mas-de-15-paises\\\/#breadcrumb\",\"itemListElement\":[{\"@type\":\"ListItem\",\"position\":1,\"name\":\"Portada\",\"item\":\"https:\\\/\\\/www.quesosdelcasar.es\\\/en\\\/torta-del-casar-dop-gran-casar-y-quesos-de-extremadura-tradicionales\\\/\"},{\"@type\":\"ListItem\",\"position\":2,\"name\":\"VIEJO MAESTRO en m\u00e1s de 15 pa\u00edses\"}]},{\"@type\":\"WebSite\",\"@id\":\"https:\\\/\\\/www.quesosdelcasar.es\\\/en\\\/#website\",\"url\":\"https:\\\/\\\/www.quesosdelcasar.es\\\/en\\\/\",\"name\":\"Quesos del Casar\",\"description\":\"Torta del Casar DOP y quesos de tradici\u00f3n extreme\u00f1a.\",\"publisher\":{\"@id\":\"https:\\\/\\\/www.quesosdelcasar.es\\\/en\\\/#organization\"},\"potentialAction\":[{\"@type\":\"SearchAction\",\"target\":{\"@type\":\"EntryPoint\",\"urlTemplate\":\"https:\\\/\\\/www.quesosdelcasar.es\\\/en\\\/?s={search_term_string}\"},\"query-input\":{\"@type\":\"PropertyValueSpecification\",\"valueRequired\":true,\"valueName\":\"search_term_string\"}}],\"inLanguage\":\"en-US\"},{\"@type\":\"Organization\",\"@id\":\"https:\\\/\\\/www.quesosdelcasar.es\\\/en\\\/#organization\",\"name\":\"Quesos del Casar\",\"url\":\"https:\\\/\\\/www.quesosdelcasar.es\\\/en\\\/\",\"logo\":{\"@type\":\"ImageObject\",\"inLanguage\":\"en-US\",\"@id\":\"https:\\\/\\\/www.quesosdelcasar.es\\\/en\\\/#\\\/schema\\\/logo\\\/image\\\/\",\"url\":\"https:\\\/\\\/www.quesosdelcasar.es\\\/wp-content\\\/uploads\\\/2022\\\/06\\\/logo-quesos-del-casar-200x66px-color-731d34.png\",\"contentUrl\":\"https:\\\/\\\/www.quesosdelcasar.es\\\/wp-content\\\/uploads\\\/2022\\\/06\\\/logo-quesos-del-casar-200x66px-color-731d34.png\",\"width\":200,\"height\":66,\"caption\":\"Quesos del Casar\"},\"image\":{\"@id\":\"https:\\\/\\\/www.quesosdelcasar.es\\\/en\\\/#\\\/schema\\\/logo\\\/image\\\/\"}},{\"@type\":\"Person\",\"@id\":\"https:\\\/\\\/www.quesosdelcasar.es\\\/en\\\/#\\\/schema\\\/person\\\/62b7b58dc35fa042fb99930411458aa7\",\"name\":\"Quesos del Casar\",\"sameAs\":[\"http:\\\/\\\/www.quesosdelcasar.com\"],\"url\":\"https:\\\/\\\/www.quesosdelcasar.es\\\/en\\\/author\\\/quesos-del-casar\\\/\"}]}<\/script>\n<!-- \/ Yoast SEO plugin. -->","yoast_head_json":{"title":"VIEJO MAESTRO en m\u00e1s de 15 pa\u00edses - Quesos del Casar","robots":{"index":"index","follow":"follow","max-snippet":"max-snippet:-1","max-image-preview":"max-image-preview:large","max-video-preview":"max-video-preview:-1"},"canonical":"https:\/\/www.quesosdelcasar.es\/en\/viejo-maestro-cabra-ya-esta-en-mas-de-15-paises\/","og_locale":"en_US","og_type":"article","og_title":"VIEJO MAESTRO en m\u00e1s de 15 pa\u00edses - Quesos del Casar","og_description":"Quesos del Casar SL sigue triunfando en los paladares de todo el mundo con su queso Viejo Maestro. Junto con la Torta GRAN CASAR DOP, el VIEJO MAESTRO es el queso con m\u00e1s proyecci\u00f3n internacional que tenemos\u00a0llegando a pa\u00edses como EEUU, Dinamarca, Noruega, Suecia, Finlandia, B\u00e9lgica, Holanda, M\u00e9xico o Rep\u00fablica Dominicana, recientemente\u00a0en el mes de febrero\u00a0a Per\u00fa.\u00a0","og_url":"https:\/\/www.quesosdelcasar.es\/en\/viejo-maestro-cabra-ya-esta-en-mas-de-15-paises\/","og_site_name":"Quesos del Casar","article_published_time":"2021-10-28T05:29:41+00:00","article_modified_time":"2024-10-02T17:04:09+00:00","og_image":[{"width":1100,"height":750,"url":"https:\/\/www.quesosdelcasar.es\/wp-content\/uploads\/2021\/10\/quesos-del-casar-viejo-maestro-queso-blog-01.jpg","type":"image\/jpeg"}],"author":"Quesos del Casar","twitter_card":"summary_large_image","twitter_misc":{"Written by":"Quesos del Casar","Est. reading time":"1 minute"},"schema":{"@context":"https:\/\/schema.org","@graph":[{"@type":"Article","@id":"https:\/\/www.quesosdelcasar.es\/en\/viejo-maestro-cabra-ya-esta-en-mas-de-15-paises\/#article","isPartOf":{"@id":"https:\/\/www.quesosdelcasar.es\/en\/viejo-maestro-cabra-ya-esta-en-mas-de-15-paises\/"},"author":{"name":"Quesos del Casar","@id":"https:\/\/www.quesosdelcasar.es\/en\/#\/schema\/person\/62b7b58dc35fa042fb99930411458aa7"},"headline":"VIEJO MAESTRO en m\u00e1s de 15 pa\u00edses","datePublished":"2021-10-28T05:29:41+00:00","dateModified":"2024-10-02T17:04:09+00:00","mainEntityOfPage":{"@id":"https:\/\/www.quesosdelcasar.es\/en\/viejo-maestro-cabra-ya-esta-en-mas-de-15-paises\/"},"wordCount":192,"commentCount":0,"publisher":{"@id":"https:\/\/www.quesosdelcasar.es\/en\/#organization"},"image":{"@id":"https:\/\/www.quesosdelcasar.es\/en\/viejo-maestro-cabra-ya-esta-en-mas-de-15-paises\/#primaryimage"},"thumbnailUrl":"https:\/\/www.quesosdelcasar.es\/wp-content\/uploads\/2021\/10\/quesos-del-casar-viejo-maestro-queso-blog-01.jpg","articleSection":["Generales"],"inLanguage":"en-US","potentialAction":[{"@type":"CommentAction","name":"Comment","target":["https:\/\/www.quesosdelcasar.es\/en\/viejo-maestro-cabra-ya-esta-en-mas-de-15-paises\/#respond"]}]},{"@type":"WebPage","@id":"https:\/\/www.quesosdelcasar.es\/en\/viejo-maestro-cabra-ya-esta-en-mas-de-15-paises\/","url":"https:\/\/www.quesosdelcasar.es\/en\/viejo-maestro-cabra-ya-esta-en-mas-de-15-paises\/","name":"VIEJO MAESTRO en m\u00e1s de 15 pa\u00edses - Quesos del Casar","isPartOf":{"@id":"https:\/\/www.quesosdelcasar.es\/en\/#website"},"primaryImageOfPage":{"@id":"https:\/\/www.quesosdelcasar.es\/en\/viejo-maestro-cabra-ya-esta-en-mas-de-15-paises\/#primaryimage"},"image":{"@id":"https:\/\/www.quesosdelcasar.es\/en\/viejo-maestro-cabra-ya-esta-en-mas-de-15-paises\/#primaryimage"},"thumbnailUrl":"https:\/\/www.quesosdelcasar.es\/wp-content\/uploads\/2021\/10\/quesos-del-casar-viejo-maestro-queso-blog-01.jpg","datePublished":"2021-10-28T05:29:41+00:00","dateModified":"2024-10-02T17:04:09+00:00","breadcrumb":{"@id":"https:\/\/www.quesosdelcasar.es\/en\/viejo-maestro-cabra-ya-esta-en-mas-de-15-paises\/#breadcrumb"},"inLanguage":"en-US","potentialAction":[{"@type":"ReadAction","target":["https:\/\/www.quesosdelcasar.es\/en\/viejo-maestro-cabra-ya-esta-en-mas-de-15-paises\/"]}]},{"@type":"ImageObject","inLanguage":"en-US","@id":"https:\/\/www.quesosdelcasar.es\/en\/viejo-maestro-cabra-ya-esta-en-mas-de-15-paises\/#primaryimage","url":"https:\/\/www.quesosdelcasar.es\/wp-content\/uploads\/2021\/10\/quesos-del-casar-viejo-maestro-queso-blog-01.jpg","contentUrl":"https:\/\/www.quesosdelcasar.es\/wp-content\/uploads\/2021\/10\/quesos-del-casar-viejo-maestro-queso-blog-01.jpg","width":1100,"height":750,"caption":"Viejo Maestro, Queso de cabra Madurado"},{"@type":"BreadcrumbList","@id":"https:\/\/www.quesosdelcasar.es\/en\/viejo-maestro-cabra-ya-esta-en-mas-de-15-paises\/#breadcrumb","itemListElement":[{"@type":"ListItem","position":1,"name":"Portada","item":"https:\/\/www.quesosdelcasar.es\/en\/torta-del-casar-dop-gran-casar-y-quesos-de-extremadura-tradicionales\/"},{"@type":"ListItem","position":2,"name":"VIEJO MAESTRO en m\u00e1s de 15 pa\u00edses"}]},{"@type":"WebSite","@id":"https:\/\/www.quesosdelcasar.es\/en\/#website","url":"https:\/\/www.quesosdelcasar.es\/en\/","name":"Quesos del Casar","description":"Torta del Casar DOP y quesos de tradici\u00f3n extreme\u00f1a.","publisher":{"@id":"https:\/\/www.quesosdelcasar.es\/en\/#organization"},"potentialAction":[{"@type":"SearchAction","target":{"@type":"EntryPoint","urlTemplate":"https:\/\/www.quesosdelcasar.es\/en\/?s={search_term_string}"},"query-input":{"@type":"PropertyValueSpecification","valueRequired":true,"valueName":"search_term_string"}}],"inLanguage":"en-US"},{"@type":"Organization","@id":"https:\/\/www.quesosdelcasar.es\/en\/#organization","name":"Quesos del Casar","url":"https:\/\/www.quesosdelcasar.es\/en\/","logo":{"@type":"ImageObject","inLanguage":"en-US","@id":"https:\/\/www.quesosdelcasar.es\/en\/#\/schema\/logo\/image\/","url":"https:\/\/www.quesosdelcasar.es\/wp-content\/uploads\/2022\/06\/logo-quesos-del-casar-200x66px-color-731d34.png","contentUrl":"https:\/\/www.quesosdelcasar.es\/wp-content\/uploads\/2022\/06\/logo-quesos-del-casar-200x66px-color-731d34.png","width":200,"height":66,"caption":"Quesos del Casar"},"image":{"@id":"https:\/\/www.quesosdelcasar.es\/en\/#\/schema\/logo\/image\/"}},{"@type":"Person","@id":"https:\/\/www.quesosdelcasar.es\/en\/#\/schema\/person\/62b7b58dc35fa042fb99930411458aa7","name":"Quesos del Casar","sameAs":["http:\/\/www.quesosdelcasar.com"],"url":"https:\/\/www.quesosdelcasar.es\/en\/author\/quesos-del-casar\/"}]}},"_links":{"self":[{"href":"https:\/\/www.quesosdelcasar.es\/en\/wp-json\/wp\/v2\/posts\/392","targetHints":{"allow":["GET"]}}],"collection":[{"href":"https:\/\/www.quesosdelcasar.es\/en\/wp-json\/wp\/v2\/posts"}],"about":[{"href":"https:\/\/www.quesosdelcasar.es\/en\/wp-json\/wp\/v2\/types\/post"}],"author":[{"embeddable":true,"href":"https:\/\/www.quesosdelcasar.es\/en\/wp-json\/wp\/v2\/users\/14"}],"replies":[{"embeddable":true,"href":"https:\/\/www.quesosdelcasar.es\/en\/wp-json\/wp\/v2\/comments?post=392"}],"version-history":[{"count":0,"href":"https:\/\/www.quesosdelcasar.es\/en\/wp-json\/wp\/v2\/posts\/392\/revisions"}],"wp:featuredmedia":[{"embeddable":true,"href":"https:\/\/www.quesosdelcasar.es\/en\/wp-json\/wp\/v2\/media\/393"}],"wp:attachment":[{"href":"https:\/\/www.quesosdelcasar.es\/en\/wp-json\/wp\/v2\/media?parent=392"}],"wp:term":[{"taxonomy":"category","embeddable":true,"href":"https:\/\/www.quesosdelcasar.es\/en\/wp-json\/wp\/v2\/categories?post=392"},{"taxonomy":"post_tag","embeddable":true,"href":"https:\/\/www.quesosdelcasar.es\/en\/wp-json\/wp\/v2\/tags?post=392"}],"curies":[{"name":"wp","href":"https:\/\/api.w.org\/{rel}","templated":true}]}}