{"id":388,"date":"2021-10-28T07:11:54","date_gmt":"2021-10-28T05:11:54","guid":{"rendered":"https:\/\/www.quesosdelcasar.es\/?p=388"},"modified":"2024-10-02T19:04:18","modified_gmt":"2024-10-02T17:04:18","slug":"torta-del-casar-dop-gran-casar-y-la-promocion-del-turismo-en-caceres","status":"publish","type":"post","link":"https:\/\/www.quesosdelcasar.es\/en\/torta-del-casar-dop-gran-casar-y-la-promocion-del-turismo-en-caceres\/","title":{"rendered":"GRAN CASAR con el turismo de C\u00e1ceres"},"content":{"rendered":"\r\n<p>La Denominaci\u00f3n de Origen \u201cTorta del Casar\u201d ha firmado un convenio con la Diputaci\u00f3n de C\u00e1ceres para colaborar en la promoci\u00f3n tur\u00edstica de la provincia participando en los eventos promocionales\u00a0que la\u00a0Diputaci\u00f3n realice con la aportaci\u00f3n de\u00a0Torta del Casar y material promocional y de difusi\u00f3n.\u00a0<\/p>\r\n\r\n\r\n\r\n<p>Nuestra Torta del Casar <a href=\"https:\/\/quesosdelcasar.com\/secciones_2\/torta_del_casar_dop_gran_casar_15\">GRAN CASAR<\/a>, y desde Quesos del Casar SL, estamos muy contentos de poder apoyar a la DOP Torta del Casar en este nuevo proyecto en beneficio del turismo de la provincia.<\/p>\r\n\r\n\r\n\r\n<p>Toda la informaci\u00f3n en el siguinete enlace,\u00a0<a href=\"http:\/\/tortadelcasar.eu\/913\/\">noticia completa<\/a>.<\/p>\r\n\r\n\r\n\r\n<p>&nbsp;<\/p>\r\n","protected":false},"excerpt":{"rendered":"<p>La Denominaci\u00f3n de Origen \u201cTorta del Casar\u201d ha firmado un convenio con la Diputaci\u00f3n de C\u00e1ceres para colaborar en la promoci\u00f3n tur\u00edstica de la provincia participando en los eventos promocionales\u00a0que la\u00a0Diputaci\u00f3n realice con la aportaci\u00f3n de\u00a0Torta del Casar y material promocional y de difusi\u00f3n.\u00a0<\/p>\n","protected":false},"author":14,"featured_media":389,"comment_status":"open","ping_status":"open","sticky":false,"template":"","format":"standard","meta":{"footnotes":""},"categories":[286],"tags":[],"class_list":["post-388","post","type-post","status-publish","format-standard","has-post-thumbnail","hentry","category-general"],"yoast_head":"<!-- This site is optimized with the Yoast SEO plugin v27.3 - https:\/\/yoast.com\/product\/yoast-seo-wordpress\/ -->\n<title>GRAN CASAR con el turismo de C\u00e1ceres - Quesos del Casar<\/title>\n<meta name=\"robots\" content=\"index, follow, max-snippet:-1, max-image-preview:large, max-video-preview:-1\" \/>\n<link rel=\"canonical\" href=\"https:\/\/www.quesosdelcasar.es\/en\/torta-del-casar-dop-gran-casar-y-la-promocion-del-turismo-en-caceres\/\" \/>\n<meta property=\"og:locale\" content=\"en_US\" \/>\n<meta property=\"og:type\" content=\"article\" \/>\n<meta property=\"og:title\" content=\"GRAN CASAR con el turismo de C\u00e1ceres - Quesos del Casar\" \/>\n<meta property=\"og:description\" content=\"La Denominaci\u00f3n de Origen \u201cTorta del Casar\u201d ha firmado un convenio con la Diputaci\u00f3n de C\u00e1ceres para colaborar en la promoci\u00f3n tur\u00edstica de la provincia participando en los eventos promocionales\u00a0que la\u00a0Diputaci\u00f3n realice con la aportaci\u00f3n de\u00a0Torta del Casar y material promocional y de difusi\u00f3n.\u00a0\" \/>\n<meta property=\"og:url\" content=\"https:\/\/www.quesosdelcasar.es\/en\/torta-del-casar-dop-gran-casar-y-la-promocion-del-turismo-en-caceres\/\" \/>\n<meta property=\"og:site_name\" content=\"Quesos del Casar\" \/>\n<meta property=\"article:published_time\" content=\"2021-10-28T05:11:54+00:00\" \/>\n<meta property=\"article:modified_time\" content=\"2024-10-02T17:04:18+00:00\" \/>\n<meta property=\"og:image\" content=\"https:\/\/www.quesosdelcasar.es\/wp-content\/uploads\/2021\/10\/gran-casar-queso-blog-03.jpg\" \/>\n\t<meta property=\"og:image:width\" content=\"1100\" \/>\n\t<meta property=\"og:image:height\" content=\"750\" \/>\n\t<meta property=\"og:image:type\" content=\"image\/jpeg\" \/>\n<meta name=\"author\" content=\"Quesos del Casar\" \/>\n<meta name=\"twitter:card\" content=\"summary_large_image\" \/>\n<meta name=\"twitter:label1\" content=\"Written by\" \/>\n\t<meta name=\"twitter:data1\" content=\"Quesos del Casar\" \/>\n\t<meta name=\"twitter:label2\" content=\"Est. reading time\" \/>\n\t<meta name=\"twitter:data2\" content=\"1 minute\" \/>\n<script type=\"application\/ld+json\" class=\"yoast-schema-graph\">{\"@context\":\"https:\\\/\\\/schema.org\",\"@graph\":[{\"@type\":\"Article\",\"@id\":\"https:\\\/\\\/www.quesosdelcasar.es\\\/en\\\/torta-del-casar-dop-gran-casar-y-la-promocion-del-turismo-en-caceres\\\/#article\",\"isPartOf\":{\"@id\":\"https:\\\/\\\/www.quesosdelcasar.es\\\/en\\\/torta-del-casar-dop-gran-casar-y-la-promocion-del-turismo-en-caceres\\\/\"},\"author\":{\"name\":\"Quesos del Casar\",\"@id\":\"https:\\\/\\\/www.quesosdelcasar.es\\\/en\\\/#\\\/schema\\\/person\\\/62b7b58dc35fa042fb99930411458aa7\"},\"headline\":\"GRAN CASAR con el turismo de C\u00e1ceres\",\"datePublished\":\"2021-10-28T05:11:54+00:00\",\"dateModified\":\"2024-10-02T17:04:18+00:00\",\"mainEntityOfPage\":{\"@id\":\"https:\\\/\\\/www.quesosdelcasar.es\\\/en\\\/torta-del-casar-dop-gran-casar-y-la-promocion-del-turismo-en-caceres\\\/\"},\"wordCount\":109,\"commentCount\":0,\"publisher\":{\"@id\":\"https:\\\/\\\/www.quesosdelcasar.es\\\/en\\\/#organization\"},\"image\":{\"@id\":\"https:\\\/\\\/www.quesosdelcasar.es\\\/en\\\/torta-del-casar-dop-gran-casar-y-la-promocion-del-turismo-en-caceres\\\/#primaryimage\"},\"thumbnailUrl\":\"https:\\\/\\\/www.quesosdelcasar.es\\\/wp-content\\\/uploads\\\/2021\\\/10\\\/gran-casar-queso-blog-03.jpg\",\"articleSection\":[\"Generales\"],\"inLanguage\":\"en-US\",\"potentialAction\":[{\"@type\":\"CommentAction\",\"name\":\"Comment\",\"target\":[\"https:\\\/\\\/www.quesosdelcasar.es\\\/en\\\/torta-del-casar-dop-gran-casar-y-la-promocion-del-turismo-en-caceres\\\/#respond\"]}]},{\"@type\":\"WebPage\",\"@id\":\"https:\\\/\\\/www.quesosdelcasar.es\\\/en\\\/torta-del-casar-dop-gran-casar-y-la-promocion-del-turismo-en-caceres\\\/\",\"url\":\"https:\\\/\\\/www.quesosdelcasar.es\\\/en\\\/torta-del-casar-dop-gran-casar-y-la-promocion-del-turismo-en-caceres\\\/\",\"name\":\"GRAN CASAR con el turismo de C\u00e1ceres - Quesos del Casar\",\"isPartOf\":{\"@id\":\"https:\\\/\\\/www.quesosdelcasar.es\\\/en\\\/#website\"},\"primaryImageOfPage\":{\"@id\":\"https:\\\/\\\/www.quesosdelcasar.es\\\/en\\\/torta-del-casar-dop-gran-casar-y-la-promocion-del-turismo-en-caceres\\\/#primaryimage\"},\"image\":{\"@id\":\"https:\\\/\\\/www.quesosdelcasar.es\\\/en\\\/torta-del-casar-dop-gran-casar-y-la-promocion-del-turismo-en-caceres\\\/#primaryimage\"},\"thumbnailUrl\":\"https:\\\/\\\/www.quesosdelcasar.es\\\/wp-content\\\/uploads\\\/2021\\\/10\\\/gran-casar-queso-blog-03.jpg\",\"datePublished\":\"2021-10-28T05:11:54+00:00\",\"dateModified\":\"2024-10-02T17:04:18+00:00\",\"breadcrumb\":{\"@id\":\"https:\\\/\\\/www.quesosdelcasar.es\\\/en\\\/torta-del-casar-dop-gran-casar-y-la-promocion-del-turismo-en-caceres\\\/#breadcrumb\"},\"inLanguage\":\"en-US\",\"potentialAction\":[{\"@type\":\"ReadAction\",\"target\":[\"https:\\\/\\\/www.quesosdelcasar.es\\\/en\\\/torta-del-casar-dop-gran-casar-y-la-promocion-del-turismo-en-caceres\\\/\"]}]},{\"@type\":\"ImageObject\",\"inLanguage\":\"en-US\",\"@id\":\"https:\\\/\\\/www.quesosdelcasar.es\\\/en\\\/torta-del-casar-dop-gran-casar-y-la-promocion-del-turismo-en-caceres\\\/#primaryimage\",\"url\":\"https:\\\/\\\/www.quesosdelcasar.es\\\/wp-content\\\/uploads\\\/2021\\\/10\\\/gran-casar-queso-blog-03.jpg\",\"contentUrl\":\"https:\\\/\\\/www.quesosdelcasar.es\\\/wp-content\\\/uploads\\\/2021\\\/10\\\/gran-casar-queso-blog-03.jpg\",\"width\":1100,\"height\":750,\"caption\":\"GRAN CASAR Torta del Casar D.O.P.\"},{\"@type\":\"BreadcrumbList\",\"@id\":\"https:\\\/\\\/www.quesosdelcasar.es\\\/en\\\/torta-del-casar-dop-gran-casar-y-la-promocion-del-turismo-en-caceres\\\/#breadcrumb\",\"itemListElement\":[{\"@type\":\"ListItem\",\"position\":1,\"name\":\"Portada\",\"item\":\"https:\\\/\\\/www.quesosdelcasar.es\\\/en\\\/torta-del-casar-dop-gran-casar-y-quesos-de-extremadura-tradicionales\\\/\"},{\"@type\":\"ListItem\",\"position\":2,\"name\":\"GRAN CASAR con el turismo de C\u00e1ceres\"}]},{\"@type\":\"WebSite\",\"@id\":\"https:\\\/\\\/www.quesosdelcasar.es\\\/en\\\/#website\",\"url\":\"https:\\\/\\\/www.quesosdelcasar.es\\\/en\\\/\",\"name\":\"Quesos del Casar\",\"description\":\"Torta del Casar DOP y quesos de tradici\u00f3n extreme\u00f1a.\",\"publisher\":{\"@id\":\"https:\\\/\\\/www.quesosdelcasar.es\\\/en\\\/#organization\"},\"potentialAction\":[{\"@type\":\"SearchAction\",\"target\":{\"@type\":\"EntryPoint\",\"urlTemplate\":\"https:\\\/\\\/www.quesosdelcasar.es\\\/en\\\/?s={search_term_string}\"},\"query-input\":{\"@type\":\"PropertyValueSpecification\",\"valueRequired\":true,\"valueName\":\"search_term_string\"}}],\"inLanguage\":\"en-US\"},{\"@type\":\"Organization\",\"@id\":\"https:\\\/\\\/www.quesosdelcasar.es\\\/en\\\/#organization\",\"name\":\"Quesos del Casar\",\"url\":\"https:\\\/\\\/www.quesosdelcasar.es\\\/en\\\/\",\"logo\":{\"@type\":\"ImageObject\",\"inLanguage\":\"en-US\",\"@id\":\"https:\\\/\\\/www.quesosdelcasar.es\\\/en\\\/#\\\/schema\\\/logo\\\/image\\\/\",\"url\":\"https:\\\/\\\/www.quesosdelcasar.es\\\/wp-content\\\/uploads\\\/2022\\\/06\\\/logo-quesos-del-casar-200x66px-color-731d34.png\",\"contentUrl\":\"https:\\\/\\\/www.quesosdelcasar.es\\\/wp-content\\\/uploads\\\/2022\\\/06\\\/logo-quesos-del-casar-200x66px-color-731d34.png\",\"width\":200,\"height\":66,\"caption\":\"Quesos del Casar\"},\"image\":{\"@id\":\"https:\\\/\\\/www.quesosdelcasar.es\\\/en\\\/#\\\/schema\\\/logo\\\/image\\\/\"}},{\"@type\":\"Person\",\"@id\":\"https:\\\/\\\/www.quesosdelcasar.es\\\/en\\\/#\\\/schema\\\/person\\\/62b7b58dc35fa042fb99930411458aa7\",\"name\":\"Quesos del Casar\",\"sameAs\":[\"http:\\\/\\\/www.quesosdelcasar.com\"],\"url\":\"https:\\\/\\\/www.quesosdelcasar.es\\\/en\\\/author\\\/quesos-del-casar\\\/\"}]}<\/script>\n<!-- \/ Yoast SEO plugin. -->","yoast_head_json":{"title":"GRAN CASAR con el turismo de C\u00e1ceres - Quesos del Casar","robots":{"index":"index","follow":"follow","max-snippet":"max-snippet:-1","max-image-preview":"max-image-preview:large","max-video-preview":"max-video-preview:-1"},"canonical":"https:\/\/www.quesosdelcasar.es\/en\/torta-del-casar-dop-gran-casar-y-la-promocion-del-turismo-en-caceres\/","og_locale":"en_US","og_type":"article","og_title":"GRAN CASAR con el turismo de C\u00e1ceres - Quesos del Casar","og_description":"La Denominaci\u00f3n de Origen \u201cTorta del Casar\u201d ha firmado un convenio con la Diputaci\u00f3n de C\u00e1ceres para colaborar en la promoci\u00f3n tur\u00edstica de la provincia participando en los eventos promocionales\u00a0que la\u00a0Diputaci\u00f3n realice con la aportaci\u00f3n de\u00a0Torta del Casar y material promocional y de difusi\u00f3n.\u00a0","og_url":"https:\/\/www.quesosdelcasar.es\/en\/torta-del-casar-dop-gran-casar-y-la-promocion-del-turismo-en-caceres\/","og_site_name":"Quesos del Casar","article_published_time":"2021-10-28T05:11:54+00:00","article_modified_time":"2024-10-02T17:04:18+00:00","og_image":[{"width":1100,"height":750,"url":"https:\/\/www.quesosdelcasar.es\/wp-content\/uploads\/2021\/10\/gran-casar-queso-blog-03.jpg","type":"image\/jpeg"}],"author":"Quesos del Casar","twitter_card":"summary_large_image","twitter_misc":{"Written by":"Quesos del Casar","Est. reading time":"1 minute"},"schema":{"@context":"https:\/\/schema.org","@graph":[{"@type":"Article","@id":"https:\/\/www.quesosdelcasar.es\/en\/torta-del-casar-dop-gran-casar-y-la-promocion-del-turismo-en-caceres\/#article","isPartOf":{"@id":"https:\/\/www.quesosdelcasar.es\/en\/torta-del-casar-dop-gran-casar-y-la-promocion-del-turismo-en-caceres\/"},"author":{"name":"Quesos del Casar","@id":"https:\/\/www.quesosdelcasar.es\/en\/#\/schema\/person\/62b7b58dc35fa042fb99930411458aa7"},"headline":"GRAN CASAR con el turismo de C\u00e1ceres","datePublished":"2021-10-28T05:11:54+00:00","dateModified":"2024-10-02T17:04:18+00:00","mainEntityOfPage":{"@id":"https:\/\/www.quesosdelcasar.es\/en\/torta-del-casar-dop-gran-casar-y-la-promocion-del-turismo-en-caceres\/"},"wordCount":109,"commentCount":0,"publisher":{"@id":"https:\/\/www.quesosdelcasar.es\/en\/#organization"},"image":{"@id":"https:\/\/www.quesosdelcasar.es\/en\/torta-del-casar-dop-gran-casar-y-la-promocion-del-turismo-en-caceres\/#primaryimage"},"thumbnailUrl":"https:\/\/www.quesosdelcasar.es\/wp-content\/uploads\/2021\/10\/gran-casar-queso-blog-03.jpg","articleSection":["Generales"],"inLanguage":"en-US","potentialAction":[{"@type":"CommentAction","name":"Comment","target":["https:\/\/www.quesosdelcasar.es\/en\/torta-del-casar-dop-gran-casar-y-la-promocion-del-turismo-en-caceres\/#respond"]}]},{"@type":"WebPage","@id":"https:\/\/www.quesosdelcasar.es\/en\/torta-del-casar-dop-gran-casar-y-la-promocion-del-turismo-en-caceres\/","url":"https:\/\/www.quesosdelcasar.es\/en\/torta-del-casar-dop-gran-casar-y-la-promocion-del-turismo-en-caceres\/","name":"GRAN CASAR con el turismo de C\u00e1ceres - Quesos del Casar","isPartOf":{"@id":"https:\/\/www.quesosdelcasar.es\/en\/#website"},"primaryImageOfPage":{"@id":"https:\/\/www.quesosdelcasar.es\/en\/torta-del-casar-dop-gran-casar-y-la-promocion-del-turismo-en-caceres\/#primaryimage"},"image":{"@id":"https:\/\/www.quesosdelcasar.es\/en\/torta-del-casar-dop-gran-casar-y-la-promocion-del-turismo-en-caceres\/#primaryimage"},"thumbnailUrl":"https:\/\/www.quesosdelcasar.es\/wp-content\/uploads\/2021\/10\/gran-casar-queso-blog-03.jpg","datePublished":"2021-10-28T05:11:54+00:00","dateModified":"2024-10-02T17:04:18+00:00","breadcrumb":{"@id":"https:\/\/www.quesosdelcasar.es\/en\/torta-del-casar-dop-gran-casar-y-la-promocion-del-turismo-en-caceres\/#breadcrumb"},"inLanguage":"en-US","potentialAction":[{"@type":"ReadAction","target":["https:\/\/www.quesosdelcasar.es\/en\/torta-del-casar-dop-gran-casar-y-la-promocion-del-turismo-en-caceres\/"]}]},{"@type":"ImageObject","inLanguage":"en-US","@id":"https:\/\/www.quesosdelcasar.es\/en\/torta-del-casar-dop-gran-casar-y-la-promocion-del-turismo-en-caceres\/#primaryimage","url":"https:\/\/www.quesosdelcasar.es\/wp-content\/uploads\/2021\/10\/gran-casar-queso-blog-03.jpg","contentUrl":"https:\/\/www.quesosdelcasar.es\/wp-content\/uploads\/2021\/10\/gran-casar-queso-blog-03.jpg","width":1100,"height":750,"caption":"GRAN CASAR Torta del Casar D.O.P."},{"@type":"BreadcrumbList","@id":"https:\/\/www.quesosdelcasar.es\/en\/torta-del-casar-dop-gran-casar-y-la-promocion-del-turismo-en-caceres\/#breadcrumb","itemListElement":[{"@type":"ListItem","position":1,"name":"Portada","item":"https:\/\/www.quesosdelcasar.es\/en\/torta-del-casar-dop-gran-casar-y-quesos-de-extremadura-tradicionales\/"},{"@type":"ListItem","position":2,"name":"GRAN CASAR con el turismo de C\u00e1ceres"}]},{"@type":"WebSite","@id":"https:\/\/www.quesosdelcasar.es\/en\/#website","url":"https:\/\/www.quesosdelcasar.es\/en\/","name":"Quesos del Casar","description":"Torta del Casar DOP y quesos de tradici\u00f3n extreme\u00f1a.","publisher":{"@id":"https:\/\/www.quesosdelcasar.es\/en\/#organization"},"potentialAction":[{"@type":"SearchAction","target":{"@type":"EntryPoint","urlTemplate":"https:\/\/www.quesosdelcasar.es\/en\/?s={search_term_string}"},"query-input":{"@type":"PropertyValueSpecification","valueRequired":true,"valueName":"search_term_string"}}],"inLanguage":"en-US"},{"@type":"Organization","@id":"https:\/\/www.quesosdelcasar.es\/en\/#organization","name":"Quesos del Casar","url":"https:\/\/www.quesosdelcasar.es\/en\/","logo":{"@type":"ImageObject","inLanguage":"en-US","@id":"https:\/\/www.quesosdelcasar.es\/en\/#\/schema\/logo\/image\/","url":"https:\/\/www.quesosdelcasar.es\/wp-content\/uploads\/2022\/06\/logo-quesos-del-casar-200x66px-color-731d34.png","contentUrl":"https:\/\/www.quesosdelcasar.es\/wp-content\/uploads\/2022\/06\/logo-quesos-del-casar-200x66px-color-731d34.png","width":200,"height":66,"caption":"Quesos del Casar"},"image":{"@id":"https:\/\/www.quesosdelcasar.es\/en\/#\/schema\/logo\/image\/"}},{"@type":"Person","@id":"https:\/\/www.quesosdelcasar.es\/en\/#\/schema\/person\/62b7b58dc35fa042fb99930411458aa7","name":"Quesos del Casar","sameAs":["http:\/\/www.quesosdelcasar.com"],"url":"https:\/\/www.quesosdelcasar.es\/en\/author\/quesos-del-casar\/"}]}},"_links":{"self":[{"href":"https:\/\/www.quesosdelcasar.es\/en\/wp-json\/wp\/v2\/posts\/388","targetHints":{"allow":["GET"]}}],"collection":[{"href":"https:\/\/www.quesosdelcasar.es\/en\/wp-json\/wp\/v2\/posts"}],"about":[{"href":"https:\/\/www.quesosdelcasar.es\/en\/wp-json\/wp\/v2\/types\/post"}],"author":[{"embeddable":true,"href":"https:\/\/www.quesosdelcasar.es\/en\/wp-json\/wp\/v2\/users\/14"}],"replies":[{"embeddable":true,"href":"https:\/\/www.quesosdelcasar.es\/en\/wp-json\/wp\/v2\/comments?post=388"}],"version-history":[{"count":0,"href":"https:\/\/www.quesosdelcasar.es\/en\/wp-json\/wp\/v2\/posts\/388\/revisions"}],"wp:featuredmedia":[{"embeddable":true,"href":"https:\/\/www.quesosdelcasar.es\/en\/wp-json\/wp\/v2\/media\/389"}],"wp:attachment":[{"href":"https:\/\/www.quesosdelcasar.es\/en\/wp-json\/wp\/v2\/media?parent=388"}],"wp:term":[{"taxonomy":"category","embeddable":true,"href":"https:\/\/www.quesosdelcasar.es\/en\/wp-json\/wp\/v2\/categories?post=388"},{"taxonomy":"post_tag","embeddable":true,"href":"https:\/\/www.quesosdelcasar.es\/en\/wp-json\/wp\/v2\/tags?post=388"}],"curies":[{"name":"wp","href":"https:\/\/api.w.org\/{rel}","templated":true}]}}