{"id":1,"date":"2017-10-25T04:02:00","date_gmt":"2017-10-25T02:02:00","guid":{"rendered":"http:\/\/www.quesosdelcasar.es\/?p=1"},"modified":"2024-10-02T19:04:33","modified_gmt":"2024-10-02T17:04:33","slug":"tiempo-curacion-incrementa-funcion-antioxidante","status":"publish","type":"post","link":"https:\/\/www.quesosdelcasar.es\/en\/tiempo-curacion-incrementa-funcion-antioxidante\/","title":{"rendered":"El tiempo de curaci\u00f3n incrementa la funci\u00f3n antioxidante del queso"},"content":{"rendered":"\n<p>Os traemos hoy una noticia publicada en laopiniondezamora.es&nbsp;<\/p>\n\n\n\n<p>En la Universidad de Salamanca ha realizado un estudio sobre las propiedades antioxidantes del queso, a cargo de investigadores de la Escuela Polit\u00e9cnica Superior del Campus Viriato de Zamora.<\/p>\n\n\n\n<p>Los resultados obtenidos nos dicen que el tiempo de curaci\u00f3n es uno de los factores m\u00e1s relevantes que influye en la presencia de sustancias antioxidantes en los quesos, al margen de que la leche sea de vaca, oveja o cabra. La investigaci\u00f3n, publicada en la revista cient\u00edfica Journal of Dairy Science, ha servido para aplicar una t\u00e9cnica que resulta mucho m\u00e1s r\u00e1pida para este tipo de estudios.<\/p>\n\n\n\n<p>Puede leer la noticia completa <a href=\"http:\/\/www.laopiniondezamora.es\/zamora\/2016\/05\/31\/tiempo-curacion-incrementa-funcion-antioxidante\/929136.html\">aqui<\/a>&nbsp;.<\/p>\n\n\n\n<p><\/p>\n\n\n\n<p><\/p>\n\n\n\n<p><\/p>\n","protected":false},"excerpt":{"rendered":"<p>En esta semana la Gu\u00eda Repsol ha publicado los &#8220;24 quesos espa\u00f1oles para presumir en la mesa&#8221; entre los que se encuentra la Torta del Casar que es descrita como uno de los quesos espa\u00f1oles m\u00e1s internacionales. <\/p>\n","protected":false},"author":14,"featured_media":425,"comment_status":"open","ping_status":"open","sticky":false,"template":"","format":"standard","meta":{"footnotes":""},"categories":[286],"tags":[],"class_list":["post-1","post","type-post","status-publish","format-standard","has-post-thumbnail","hentry","category-general"],"yoast_head":"<!-- This site is optimized with the Yoast SEO plugin v27.3 - https:\/\/yoast.com\/product\/yoast-seo-wordpress\/ -->\n<title>El tiempo de curaci\u00f3n incrementa la funci\u00f3n antioxidante del queso - Quesos del Casar<\/title>\n<meta name=\"robots\" content=\"index, follow, max-snippet:-1, max-image-preview:large, max-video-preview:-1\" \/>\n<link rel=\"canonical\" href=\"https:\/\/www.quesosdelcasar.es\/en\/tiempo-curacion-incrementa-funcion-antioxidante\/\" \/>\n<meta property=\"og:locale\" content=\"en_US\" \/>\n<meta property=\"og:type\" content=\"article\" \/>\n<meta property=\"og:title\" content=\"El tiempo de curaci\u00f3n incrementa la funci\u00f3n antioxidante del queso - Quesos del Casar\" \/>\n<meta property=\"og:description\" content=\"En esta semana la Gu\u00eda Repsol ha publicado los &quot;24 quesos espa\u00f1oles para presumir en la mesa&quot; entre los que se encuentra la Torta del Casar que es descrita como uno de los quesos espa\u00f1oles m\u00e1s internacionales.\" \/>\n<meta property=\"og:url\" content=\"https:\/\/www.quesosdelcasar.es\/en\/tiempo-curacion-incrementa-funcion-antioxidante\/\" \/>\n<meta property=\"og:site_name\" content=\"Quesos del Casar\" \/>\n<meta property=\"article:published_time\" content=\"2017-10-25T02:02:00+00:00\" \/>\n<meta property=\"article:modified_time\" content=\"2024-10-02T17:04:33+00:00\" \/>\n<meta property=\"og:image\" content=\"https:\/\/www.quesosdelcasar.es\/wp-content\/uploads\/2019\/10\/quesos-del-casar-blog-02.jpg\" \/>\n\t<meta property=\"og:image:width\" content=\"1103\" \/>\n\t<meta property=\"og:image:height\" content=\"750\" \/>\n\t<meta property=\"og:image:type\" content=\"image\/jpeg\" \/>\n<meta name=\"author\" content=\"Quesos del Casar\" \/>\n<meta name=\"twitter:card\" content=\"summary_large_image\" \/>\n<meta name=\"twitter:label1\" content=\"Written by\" \/>\n\t<meta name=\"twitter:data1\" content=\"Quesos del Casar\" \/>\n\t<meta name=\"twitter:label2\" content=\"Est. reading time\" \/>\n\t<meta name=\"twitter:data2\" content=\"1 minute\" \/>\n<script type=\"application\/ld+json\" class=\"yoast-schema-graph\">{\"@context\":\"https:\\\/\\\/schema.org\",\"@graph\":[{\"@type\":\"Article\",\"@id\":\"https:\\\/\\\/www.quesosdelcasar.es\\\/en\\\/tiempo-curacion-incrementa-funcion-antioxidante\\\/#article\",\"isPartOf\":{\"@id\":\"https:\\\/\\\/www.quesosdelcasar.es\\\/en\\\/tiempo-curacion-incrementa-funcion-antioxidante\\\/\"},\"author\":{\"name\":\"Quesos del Casar\",\"@id\":\"https:\\\/\\\/www.quesosdelcasar.es\\\/en\\\/#\\\/schema\\\/person\\\/62b7b58dc35fa042fb99930411458aa7\"},\"headline\":\"El tiempo de curaci\u00f3n incrementa la funci\u00f3n antioxidante del queso\",\"datePublished\":\"2017-10-25T02:02:00+00:00\",\"dateModified\":\"2024-10-02T17:04:33+00:00\",\"mainEntityOfPage\":{\"@id\":\"https:\\\/\\\/www.quesosdelcasar.es\\\/en\\\/tiempo-curacion-incrementa-funcion-antioxidante\\\/\"},\"wordCount\":133,\"commentCount\":0,\"publisher\":{\"@id\":\"https:\\\/\\\/www.quesosdelcasar.es\\\/en\\\/#organization\"},\"image\":{\"@id\":\"https:\\\/\\\/www.quesosdelcasar.es\\\/en\\\/tiempo-curacion-incrementa-funcion-antioxidante\\\/#primaryimage\"},\"thumbnailUrl\":\"https:\\\/\\\/www.quesosdelcasar.es\\\/wp-content\\\/uploads\\\/2019\\\/10\\\/quesos-del-casar-blog-02.jpg\",\"articleSection\":[\"Generales\"],\"inLanguage\":\"en-US\",\"potentialAction\":[{\"@type\":\"CommentAction\",\"name\":\"Comment\",\"target\":[\"https:\\\/\\\/www.quesosdelcasar.es\\\/en\\\/tiempo-curacion-incrementa-funcion-antioxidante\\\/#respond\"]}]},{\"@type\":\"WebPage\",\"@id\":\"https:\\\/\\\/www.quesosdelcasar.es\\\/en\\\/tiempo-curacion-incrementa-funcion-antioxidante\\\/\",\"url\":\"https:\\\/\\\/www.quesosdelcasar.es\\\/en\\\/tiempo-curacion-incrementa-funcion-antioxidante\\\/\",\"name\":\"El tiempo de curaci\u00f3n incrementa la funci\u00f3n antioxidante del queso - Quesos del Casar\",\"isPartOf\":{\"@id\":\"https:\\\/\\\/www.quesosdelcasar.es\\\/en\\\/#website\"},\"primaryImageOfPage\":{\"@id\":\"https:\\\/\\\/www.quesosdelcasar.es\\\/en\\\/tiempo-curacion-incrementa-funcion-antioxidante\\\/#primaryimage\"},\"image\":{\"@id\":\"https:\\\/\\\/www.quesosdelcasar.es\\\/en\\\/tiempo-curacion-incrementa-funcion-antioxidante\\\/#primaryimage\"},\"thumbnailUrl\":\"https:\\\/\\\/www.quesosdelcasar.es\\\/wp-content\\\/uploads\\\/2019\\\/10\\\/quesos-del-casar-blog-02.jpg\",\"datePublished\":\"2017-10-25T02:02:00+00:00\",\"dateModified\":\"2024-10-02T17:04:33+00:00\",\"breadcrumb\":{\"@id\":\"https:\\\/\\\/www.quesosdelcasar.es\\\/en\\\/tiempo-curacion-incrementa-funcion-antioxidante\\\/#breadcrumb\"},\"inLanguage\":\"en-US\",\"potentialAction\":[{\"@type\":\"ReadAction\",\"target\":[\"https:\\\/\\\/www.quesosdelcasar.es\\\/en\\\/tiempo-curacion-incrementa-funcion-antioxidante\\\/\"]}]},{\"@type\":\"ImageObject\",\"inLanguage\":\"en-US\",\"@id\":\"https:\\\/\\\/www.quesosdelcasar.es\\\/en\\\/tiempo-curacion-incrementa-funcion-antioxidante\\\/#primaryimage\",\"url\":\"https:\\\/\\\/www.quesosdelcasar.es\\\/wp-content\\\/uploads\\\/2019\\\/10\\\/quesos-del-casar-blog-02.jpg\",\"contentUrl\":\"https:\\\/\\\/www.quesosdelcasar.es\\\/wp-content\\\/uploads\\\/2019\\\/10\\\/quesos-del-casar-blog-02.jpg\",\"width\":1103,\"height\":750,\"caption\":\"Queso de Oveja Quesos del Casar\"},{\"@type\":\"BreadcrumbList\",\"@id\":\"https:\\\/\\\/www.quesosdelcasar.es\\\/en\\\/tiempo-curacion-incrementa-funcion-antioxidante\\\/#breadcrumb\",\"itemListElement\":[{\"@type\":\"ListItem\",\"position\":1,\"name\":\"Portada\",\"item\":\"https:\\\/\\\/www.quesosdelcasar.es\\\/en\\\/torta-del-casar-dop-gran-casar-y-quesos-de-extremadura-tradicionales\\\/\"},{\"@type\":\"ListItem\",\"position\":2,\"name\":\"El tiempo de curaci\u00f3n incrementa la funci\u00f3n antioxidante del queso\"}]},{\"@type\":\"WebSite\",\"@id\":\"https:\\\/\\\/www.quesosdelcasar.es\\\/en\\\/#website\",\"url\":\"https:\\\/\\\/www.quesosdelcasar.es\\\/en\\\/\",\"name\":\"Quesos del Casar\",\"description\":\"Torta del Casar DOP y quesos de tradici\u00f3n extreme\u00f1a.\",\"publisher\":{\"@id\":\"https:\\\/\\\/www.quesosdelcasar.es\\\/en\\\/#organization\"},\"potentialAction\":[{\"@type\":\"SearchAction\",\"target\":{\"@type\":\"EntryPoint\",\"urlTemplate\":\"https:\\\/\\\/www.quesosdelcasar.es\\\/en\\\/?s={search_term_string}\"},\"query-input\":{\"@type\":\"PropertyValueSpecification\",\"valueRequired\":true,\"valueName\":\"search_term_string\"}}],\"inLanguage\":\"en-US\"},{\"@type\":\"Organization\",\"@id\":\"https:\\\/\\\/www.quesosdelcasar.es\\\/en\\\/#organization\",\"name\":\"Quesos del Casar\",\"url\":\"https:\\\/\\\/www.quesosdelcasar.es\\\/en\\\/\",\"logo\":{\"@type\":\"ImageObject\",\"inLanguage\":\"en-US\",\"@id\":\"https:\\\/\\\/www.quesosdelcasar.es\\\/en\\\/#\\\/schema\\\/logo\\\/image\\\/\",\"url\":\"https:\\\/\\\/www.quesosdelcasar.es\\\/wp-content\\\/uploads\\\/2022\\\/06\\\/logo-quesos-del-casar-200x66px-color-731d34.png\",\"contentUrl\":\"https:\\\/\\\/www.quesosdelcasar.es\\\/wp-content\\\/uploads\\\/2022\\\/06\\\/logo-quesos-del-casar-200x66px-color-731d34.png\",\"width\":200,\"height\":66,\"caption\":\"Quesos del Casar\"},\"image\":{\"@id\":\"https:\\\/\\\/www.quesosdelcasar.es\\\/en\\\/#\\\/schema\\\/logo\\\/image\\\/\"}},{\"@type\":\"Person\",\"@id\":\"https:\\\/\\\/www.quesosdelcasar.es\\\/en\\\/#\\\/schema\\\/person\\\/62b7b58dc35fa042fb99930411458aa7\",\"name\":\"Quesos del Casar\",\"sameAs\":[\"http:\\\/\\\/www.quesosdelcasar.com\"],\"url\":\"https:\\\/\\\/www.quesosdelcasar.es\\\/en\\\/author\\\/quesos-del-casar\\\/\"}]}<\/script>\n<!-- \/ Yoast SEO plugin. -->","yoast_head_json":{"title":"El tiempo de curaci\u00f3n incrementa la funci\u00f3n antioxidante del queso - Quesos del Casar","robots":{"index":"index","follow":"follow","max-snippet":"max-snippet:-1","max-image-preview":"max-image-preview:large","max-video-preview":"max-video-preview:-1"},"canonical":"https:\/\/www.quesosdelcasar.es\/en\/tiempo-curacion-incrementa-funcion-antioxidante\/","og_locale":"en_US","og_type":"article","og_title":"El tiempo de curaci\u00f3n incrementa la funci\u00f3n antioxidante del queso - Quesos del Casar","og_description":"En esta semana la Gu\u00eda Repsol ha publicado los \"24 quesos espa\u00f1oles para presumir en la mesa\" entre los que se encuentra la Torta del Casar que es descrita como uno de los quesos espa\u00f1oles m\u00e1s internacionales.","og_url":"https:\/\/www.quesosdelcasar.es\/en\/tiempo-curacion-incrementa-funcion-antioxidante\/","og_site_name":"Quesos del Casar","article_published_time":"2017-10-25T02:02:00+00:00","article_modified_time":"2024-10-02T17:04:33+00:00","og_image":[{"width":1103,"height":750,"url":"https:\/\/www.quesosdelcasar.es\/wp-content\/uploads\/2019\/10\/quesos-del-casar-blog-02.jpg","type":"image\/jpeg"}],"author":"Quesos del Casar","twitter_card":"summary_large_image","twitter_misc":{"Written by":"Quesos del Casar","Est. reading time":"1 minute"},"schema":{"@context":"https:\/\/schema.org","@graph":[{"@type":"Article","@id":"https:\/\/www.quesosdelcasar.es\/en\/tiempo-curacion-incrementa-funcion-antioxidante\/#article","isPartOf":{"@id":"https:\/\/www.quesosdelcasar.es\/en\/tiempo-curacion-incrementa-funcion-antioxidante\/"},"author":{"name":"Quesos del Casar","@id":"https:\/\/www.quesosdelcasar.es\/en\/#\/schema\/person\/62b7b58dc35fa042fb99930411458aa7"},"headline":"El tiempo de curaci\u00f3n incrementa la funci\u00f3n antioxidante del queso","datePublished":"2017-10-25T02:02:00+00:00","dateModified":"2024-10-02T17:04:33+00:00","mainEntityOfPage":{"@id":"https:\/\/www.quesosdelcasar.es\/en\/tiempo-curacion-incrementa-funcion-antioxidante\/"},"wordCount":133,"commentCount":0,"publisher":{"@id":"https:\/\/www.quesosdelcasar.es\/en\/#organization"},"image":{"@id":"https:\/\/www.quesosdelcasar.es\/en\/tiempo-curacion-incrementa-funcion-antioxidante\/#primaryimage"},"thumbnailUrl":"https:\/\/www.quesosdelcasar.es\/wp-content\/uploads\/2019\/10\/quesos-del-casar-blog-02.jpg","articleSection":["Generales"],"inLanguage":"en-US","potentialAction":[{"@type":"CommentAction","name":"Comment","target":["https:\/\/www.quesosdelcasar.es\/en\/tiempo-curacion-incrementa-funcion-antioxidante\/#respond"]}]},{"@type":"WebPage","@id":"https:\/\/www.quesosdelcasar.es\/en\/tiempo-curacion-incrementa-funcion-antioxidante\/","url":"https:\/\/www.quesosdelcasar.es\/en\/tiempo-curacion-incrementa-funcion-antioxidante\/","name":"El tiempo de curaci\u00f3n incrementa la funci\u00f3n antioxidante del queso - Quesos del Casar","isPartOf":{"@id":"https:\/\/www.quesosdelcasar.es\/en\/#website"},"primaryImageOfPage":{"@id":"https:\/\/www.quesosdelcasar.es\/en\/tiempo-curacion-incrementa-funcion-antioxidante\/#primaryimage"},"image":{"@id":"https:\/\/www.quesosdelcasar.es\/en\/tiempo-curacion-incrementa-funcion-antioxidante\/#primaryimage"},"thumbnailUrl":"https:\/\/www.quesosdelcasar.es\/wp-content\/uploads\/2019\/10\/quesos-del-casar-blog-02.jpg","datePublished":"2017-10-25T02:02:00+00:00","dateModified":"2024-10-02T17:04:33+00:00","breadcrumb":{"@id":"https:\/\/www.quesosdelcasar.es\/en\/tiempo-curacion-incrementa-funcion-antioxidante\/#breadcrumb"},"inLanguage":"en-US","potentialAction":[{"@type":"ReadAction","target":["https:\/\/www.quesosdelcasar.es\/en\/tiempo-curacion-incrementa-funcion-antioxidante\/"]}]},{"@type":"ImageObject","inLanguage":"en-US","@id":"https:\/\/www.quesosdelcasar.es\/en\/tiempo-curacion-incrementa-funcion-antioxidante\/#primaryimage","url":"https:\/\/www.quesosdelcasar.es\/wp-content\/uploads\/2019\/10\/quesos-del-casar-blog-02.jpg","contentUrl":"https:\/\/www.quesosdelcasar.es\/wp-content\/uploads\/2019\/10\/quesos-del-casar-blog-02.jpg","width":1103,"height":750,"caption":"Queso de Oveja Quesos del Casar"},{"@type":"BreadcrumbList","@id":"https:\/\/www.quesosdelcasar.es\/en\/tiempo-curacion-incrementa-funcion-antioxidante\/#breadcrumb","itemListElement":[{"@type":"ListItem","position":1,"name":"Portada","item":"https:\/\/www.quesosdelcasar.es\/en\/torta-del-casar-dop-gran-casar-y-quesos-de-extremadura-tradicionales\/"},{"@type":"ListItem","position":2,"name":"El tiempo de curaci\u00f3n incrementa la funci\u00f3n antioxidante del queso"}]},{"@type":"WebSite","@id":"https:\/\/www.quesosdelcasar.es\/en\/#website","url":"https:\/\/www.quesosdelcasar.es\/en\/","name":"Quesos del Casar","description":"Torta del Casar DOP y quesos de tradici\u00f3n extreme\u00f1a.","publisher":{"@id":"https:\/\/www.quesosdelcasar.es\/en\/#organization"},"potentialAction":[{"@type":"SearchAction","target":{"@type":"EntryPoint","urlTemplate":"https:\/\/www.quesosdelcasar.es\/en\/?s={search_term_string}"},"query-input":{"@type":"PropertyValueSpecification","valueRequired":true,"valueName":"search_term_string"}}],"inLanguage":"en-US"},{"@type":"Organization","@id":"https:\/\/www.quesosdelcasar.es\/en\/#organization","name":"Quesos del Casar","url":"https:\/\/www.quesosdelcasar.es\/en\/","logo":{"@type":"ImageObject","inLanguage":"en-US","@id":"https:\/\/www.quesosdelcasar.es\/en\/#\/schema\/logo\/image\/","url":"https:\/\/www.quesosdelcasar.es\/wp-content\/uploads\/2022\/06\/logo-quesos-del-casar-200x66px-color-731d34.png","contentUrl":"https:\/\/www.quesosdelcasar.es\/wp-content\/uploads\/2022\/06\/logo-quesos-del-casar-200x66px-color-731d34.png","width":200,"height":66,"caption":"Quesos del Casar"},"image":{"@id":"https:\/\/www.quesosdelcasar.es\/en\/#\/schema\/logo\/image\/"}},{"@type":"Person","@id":"https:\/\/www.quesosdelcasar.es\/en\/#\/schema\/person\/62b7b58dc35fa042fb99930411458aa7","name":"Quesos del Casar","sameAs":["http:\/\/www.quesosdelcasar.com"],"url":"https:\/\/www.quesosdelcasar.es\/en\/author\/quesos-del-casar\/"}]}},"_links":{"self":[{"href":"https:\/\/www.quesosdelcasar.es\/en\/wp-json\/wp\/v2\/posts\/1","targetHints":{"allow":["GET"]}}],"collection":[{"href":"https:\/\/www.quesosdelcasar.es\/en\/wp-json\/wp\/v2\/posts"}],"about":[{"href":"https:\/\/www.quesosdelcasar.es\/en\/wp-json\/wp\/v2\/types\/post"}],"author":[{"embeddable":true,"href":"https:\/\/www.quesosdelcasar.es\/en\/wp-json\/wp\/v2\/users\/14"}],"replies":[{"embeddable":true,"href":"https:\/\/www.quesosdelcasar.es\/en\/wp-json\/wp\/v2\/comments?post=1"}],"version-history":[{"count":0,"href":"https:\/\/www.quesosdelcasar.es\/en\/wp-json\/wp\/v2\/posts\/1\/revisions"}],"wp:featuredmedia":[{"embeddable":true,"href":"https:\/\/www.quesosdelcasar.es\/en\/wp-json\/wp\/v2\/media\/425"}],"wp:attachment":[{"href":"https:\/\/www.quesosdelcasar.es\/en\/wp-json\/wp\/v2\/media?parent=1"}],"wp:term":[{"taxonomy":"category","embeddable":true,"href":"https:\/\/www.quesosdelcasar.es\/en\/wp-json\/wp\/v2\/categories?post=1"},{"taxonomy":"post_tag","embeddable":true,"href":"https:\/\/www.quesosdelcasar.es\/en\/wp-json\/wp\/v2\/tags?post=1"}],"curies":[{"name":"wp","href":"https:\/\/api.w.org\/{rel}","templated":true}]}}